{"id":23075,"date":"2024-02-29T11:50:15","date_gmt":"2024-02-29T11:50:15","guid":{"rendered":"https:\/\/www.adcor.org\/?p=23075"},"modified":"2024-03-15T10:08:29","modified_gmt":"2024-03-15T10:08:29","slug":"autismo-discapacidad","status":"publish","type":"post","link":"https:\/\/www.adcor.org\/gl\/autismo-discapacidad\/","title":{"rendered":"\u00bfEl autismo es una discapacidad?"},"content":{"rendered":"\n<p>El trastorno del espectro autista es una afecci\u00f3n que suele aparecer durante los primeros a\u00f1os de vida, afectando a la comunicaci\u00f3n, el lenguaje, la interacci\u00f3n social y las emociones. En general, sigue existiendo mucha confusi\u00f3n sobre si el autismo es considerado una discapacidad o no. Para evitar que se sigan mezclando estos conceptos\u00a0 hemos preparado este post en el que lo aclaramos todo.<\/p>\n\n\n\n<h2>Autismo y discapacidad<\/h2>\n\n\n\n<p>Determinar si el autismo es una discapacidad es una cuesti\u00f3n un poco controvertida para algunos sectores. A\u00fan as\u00ed, la gran mayor\u00eda de los profesionales de la salud coinciden en definir el autismo como un trastorno en el desarrollo. Sin embargo, el autismo se <strong>desenvuelve de forma diferente en cada persona<\/strong>, de ah\u00ed que lo m\u00e1s com\u00fan es que se hable del espectro autista y, dentro de este espectro, de diferentes tipos de autismo. A su vez, cada individuo puede padecer esta condici\u00f3n con distintos niveles de gravedad y manifestaciones.<\/p>\n\n\n\n<p>Partiendo de esta base, la respuesta a si el autismo es considerado discapacidad podr\u00eda ser que<strong> no necesariamente para todos los casos, aunque s\u00ed para la mayor\u00eda.<\/strong> Para determinar el grado de discapacidad de cada persona con autismo, teniendo en cuenta que puede ser intelectual o f\u00edsica, habr\u00eda que llevar a cabo un valoraci\u00f3n en la que se analicen las necesidades educativas, sanitarias, sociales, laborales\u2026 de la persona y de su entorno. Con un seguimiento continuado a lo largo del tiempo, este grado puede irse adaptando a la realidad de cada persona autista.<br>Tampoco hay que olvidarse del papel que juegan las <strong>administraciones p\u00fablicas<\/strong>, ya que ser\u00e1n ellas las que, a nivel oficial, admitir\u00e1n la presencia o no de una discapacidad para que la persona dentro del espectro y su familia puedan recibir las ayudas y apoyos que requieran.<\/p>\n\n\n\n<h2>Tipos de autismo<\/h2>\n\n\n\n<p>Como te acabamos de contar, dentro del espectro autista existen diferentes tipos de autismo con sus propias caracter\u00edsticas. Dependiendo del nivel de gravedad de cada una de estas variantes, podemos encontrarnos o no ante un autismo como discapacidad.<\/p>\n\n\n\n<h3>Autismo<\/h3>\n\n\n\n<p>Comienza, habitualmente, durante los 3 primeros a\u00f1os de vida. Por eso, los padres suelen ser los primeros en reconocer en su hijo comportamientos diferentes a los de los ni\u00f1os de su edad como <strong>nula o escasa comunicaci\u00f3n verbal.<\/strong><\/p>\n\n\n\n<h3>S\u00edndrome de Asperger<\/h3>\n\n\n\n<p>Es el tipo de autismo m\u00e1s dif\u00edcil de diagnosticar porque las personas afectadas no tienen ning\u00fan tipo de discapacidad intelectual. El problema se encuentra en el <strong>\u00e1rea de las habilidades sociales<\/strong>, mostrando falta de empat\u00eda, obsesi\u00f3n con ciertos temas o dificultad para entender iron\u00edas o dobles sentidos.<\/p>\n\n\n\n<h3>S\u00edndrome de Rett<\/h3>\n\n\n\n<p>Las personas afectadas por este s\u00edndrome comienzan a sufrir un proceso degenerativo del sistema nervioso que se manifiesta con <strong>alteraciones en la comunicaci\u00f3n, la cognici\u00f3n y la motricidad.<\/strong><\/p>\n\n\n\n<h3>Trastorno de desintegraci\u00f3n infantil<\/h3>\n\n\n\n<p>Suele aparecer en torno a los 2 a\u00f1os de edad aunque, a veces, no se manifiesta hasta los 10. Afecta a las \u00e1reas del lenguaje, funci\u00f3n social y motricidad y tiene car\u00e1cter <strong>regresivo y repentino.<\/strong><\/p>\n\n\n\n<h3>Trastorno generalizado del desarrollo no especificado<\/h3>\n\n\n\n<p>Esta etiqueta se utiliza para aquellos casos donde los <strong>s\u00edntomas son tan variados<\/strong> que no se pueden incluir en los s\u00edndromes mencionados.<\/p>\n\n\n\n<h2>\u00bfQu\u00e9 grado de discapacidad tiene el autismo?<\/h2>\n\n\n\n<p>El trastorno del espectro autista est\u00e1 reconocido como un <strong>trastorno generalizado del desarrollo<\/strong> y, por ello, las personas que lo padecen pueden solicitar su grado de discapacidad por autismo. Recientemente, el <a href=\"https:\/\/www.boe.es\/diario_boe\/txt.php?id=BOE-A-2022-17105\">Real Decreto 888\/2022, de 18 de octubre<\/a>, ha actualizado el procedimiento para el reconocimiento del grado de discapacidad. Este nuevo baremo de discapacidad del autismo <strong>reconoce espec\u00edficamente el trastorno del espectro autista de manera independiente y diferenciada del diagn\u00f3stico de discapacidad intelectual.<\/strong> De esta forma se visibiliza el impacto que las caracter\u00edsticas nucleares del TEA tienen en la calidad de vida de las personas que lo presentan.<\/p>\n\n\n\n<p>El reconocimiento del grado de discapacidad se da a trav\u00e9s de un certificado emitido por la<br>Administraci\u00f3n p\u00fablica que, despu\u00e9s de analizar la situaci\u00f3n de cada persona con autismo, reconoce sus limitaciones para las actividades de la vida diaria. Existen hasta<strong> 3 grados de discapacidad:<\/strong><\/p>\n\n\n\n<ul>\n<li><strong>Grado I.<\/strong> Con un porcentaje igual o superior al 33%.<\/li>\n\n\n\n<li><strong>Grado II. <\/strong>Con un porcentaje igual o superior al 65%.<\/li>\n\n\n\n<li><strong>Grado II.<\/strong> Con un porcentaje igual o superior al 75%<\/li>\n<\/ul>\n\n\n\n<p>La valoraci\u00f3n ser\u00e1 llevada a cabo por un Equipo de Valoraci\u00f3n y Orientaci\u00f3n (EVO), formado por personal sociosanitario. En nuestra fundaci\u00f3n contamos con<a href=\"https:\/\/www.adcor.org\/atencion-discapacidad\/#Servicio-de-informacion\"> programas de informaci\u00f3n<\/a> en los que podemos ayudarte con el proceso de solicitud.<\/p>\n\n\n\n<h2>Beneficios de obtener el certificado de discapacidad para autismo<\/h2>\n\n\n\n<p>Si una persona es diagnosticada con autismo en un grado igual o superior al 33%, est\u00e1 en posici\u00f3n de obtener su <strong>certificado de discapacidad por autismo<\/strong>. Tenerlo conlleva una serie de ventajas en forma de prestaciones econ\u00f3micas y apoyo en las \u00e1reas laboral, social o fiscal. Algunas de las m\u00e1s importantes son:<\/p>\n\n\n\n<ul>\n<li>Deducciones sobre el IRPF.<\/li>\n\n\n\n<li>Acceso a ayudar en materia de Educaci\u00f3n.<\/li>\n\n\n\n<li>Adaptaci\u00f3n de viviendas.<\/li>\n\n\n\n<li>Ayudas para la compra de viviendas de protecci\u00f3n oficial.<\/li>\n\n\n\n<li>Plazas de empleo reservadas y la posibilidad de acceder a <a href=\"https:\/\/www.adcor.org\/centro-empleo-discapacidad\/\">centros de empleo especiales<\/a>.<\/li>\n\n\n\n<li>Descuentos en cultura y ocio.<\/li>\n<\/ul>\n","protected":false},"excerpt":{"rendered":"<p>El trastorno del espectro autista es una afecci\u00f3n que suele aparecer durante los primeros a\u00f1os de vida, afectando a la comunicaci\u00f3n, el lenguaje, la interacci\u00f3n social y las emociones. En general, sigue existiendo mucha confusi\u00f3n sobre si el autismo es considerado una discapacidad o no&#8230;.<\/p>\n","protected":false},"author":11,"featured_media":23076,"comment_status":"open","ping_status":"open","sticky":false,"template":"","format":"standard","meta":{"_monsterinsights_skip_tracking":false,"_monsterinsights_sitenote_active":false,"_monsterinsights_sitenote_note":"","_monsterinsights_sitenote_category":0},"categories":[333],"tags":[338,89,337],"yoast_head":"<!-- This site is optimized with the Yoast SEO plugin v18.0 - https:\/\/yoast.com\/wordpress\/plugins\/seo\/ -->\n<meta name=\"description\" content=\"Todav\u00eda hoy sigue existiendo mucha confusi\u00f3n sobre si el autismo es o no una discapacidad. En este post te lo explicamos en detalle.\" \/>\n<meta name=\"robots\" content=\"index, follow, max-snippet:-1, max-image-preview:large, max-video-preview:-1\" \/>\n<link rel=\"canonical\" href=\"https:\/\/www.adcor.org\/autismo-discapacidad\/\" \/>\n<meta property=\"og:locale\" content=\"gl_ES\" \/>\n<meta property=\"og:type\" content=\"article\" \/>\n<meta property=\"og:title\" content=\"\u00bfEl autismo est\u00e1 considerado una discapacidad?\" \/>\n<meta property=\"og:description\" content=\"Todav\u00eda hoy sigue existiendo mucha confusi\u00f3n sobre si el autismo es o no una discapacidad. En este post te lo explicamos en detalle.\" \/>\n<meta property=\"og:url\" content=\"https:\/\/www.adcor.org\/autismo-discapacidad\/\" \/>\n<meta property=\"og:site_name\" content=\"ADCOR\" \/>\n<meta property=\"article:published_time\" content=\"2024-02-29T11:50:15+00:00\" \/>\n<meta property=\"article:modified_time\" content=\"2024-03-15T10:08:29+00:00\" \/>\n<meta property=\"og:image\" content=\"https:\/\/www.adcor.org\/wp-content\/uploads\/Post-1-2.jpg\" \/>\n\t<meta property=\"og:image:width\" content=\"1024\" \/>\n\t<meta property=\"og:image:height\" content=\"683\" \/>\n\t<meta property=\"og:image:type\" content=\"image\/jpeg\" \/>\n<meta name=\"twitter:card\" content=\"summary_large_image\" \/>\n<meta name=\"twitter:label1\" content=\"Escrito por\" \/>\n\t<meta name=\"twitter:data1\" content=\"FUNDACI\u00d3N ADCOR\" \/>\n\t<meta name=\"twitter:label2\" content=\"Tempo de lectura\" \/>\n\t<meta name=\"twitter:data2\" content=\"4 minutos\" \/>\n<script type=\"application\/ld+json\" class=\"yoast-schema-graph\">{\"@context\":\"https:\/\/schema.org\",\"@graph\":[{\"@type\":\"WebSite\",\"@id\":\"https:\/\/www.adcor.org\/#website\",\"url\":\"https:\/\/www.adcor.org\/\",\"name\":\"ADCOR\",\"description\":\"Fundaci\u00f3n ADCOR\",\"potentialAction\":[{\"@type\":\"SearchAction\",\"target\":{\"@type\":\"EntryPoint\",\"urlTemplate\":\"https:\/\/www.adcor.org\/?s={search_term_string}\"},\"query-input\":\"required name=search_term_string\"}],\"inLanguage\":\"gl-ES\"},{\"@type\":\"ImageObject\",\"@id\":\"https:\/\/www.adcor.org\/autismo-discapacidad\/#primaryimage\",\"inLanguage\":\"gl-ES\",\"url\":\"https:\/\/www.adcor.org\/wp-content\/uploads\/Post-1-2.jpg\",\"contentUrl\":\"https:\/\/www.adcor.org\/wp-content\/uploads\/Post-1-2.jpg\",\"width\":1024,\"height\":683,\"caption\":\"Autismo y discapacidad\"},{\"@type\":\"WebPage\",\"@id\":\"https:\/\/www.adcor.org\/autismo-discapacidad\/#webpage\",\"url\":\"https:\/\/www.adcor.org\/autismo-discapacidad\/\",\"name\":\"\u00bfEl autismo est\u00e1 considerado una discapacidad?\",\"isPartOf\":{\"@id\":\"https:\/\/www.adcor.org\/#website\"},\"primaryImageOfPage\":{\"@id\":\"https:\/\/www.adcor.org\/autismo-discapacidad\/#primaryimage\"},\"datePublished\":\"2024-02-29T11:50:15+00:00\",\"dateModified\":\"2024-03-15T10:08:29+00:00\",\"author\":{\"@id\":\"https:\/\/www.adcor.org\/#\/schema\/person\/6d3ac136ed8f5fa5ff17d2eb87ef047c\"},\"description\":\"Todav\u00eda hoy sigue existiendo mucha confusi\u00f3n sobre si el autismo es o no una discapacidad. En este post te lo explicamos en detalle.\",\"breadcrumb\":{\"@id\":\"https:\/\/www.adcor.org\/autismo-discapacidad\/#breadcrumb\"},\"inLanguage\":\"gl-ES\",\"potentialAction\":[{\"@type\":\"ReadAction\",\"target\":[\"https:\/\/www.adcor.org\/autismo-discapacidad\/\"]}]},{\"@type\":\"BreadcrumbList\",\"@id\":\"https:\/\/www.adcor.org\/autismo-discapacidad\/#breadcrumb\",\"itemListElement\":[{\"@type\":\"ListItem\",\"position\":1,\"name\":\"Portada\",\"item\":\"https:\/\/www.adcor.org\/\"},{\"@type\":\"ListItem\",\"position\":2,\"name\":\"\u00bfEl autismo es una discapacidad?\"}]},{\"@type\":\"Person\",\"@id\":\"https:\/\/www.adcor.org\/#\/schema\/person\/6d3ac136ed8f5fa5ff17d2eb87ef047c\",\"name\":\"FUNDACI\u00d3N ADCOR\",\"image\":{\"@type\":\"ImageObject\",\"@id\":\"https:\/\/www.adcor.org\/#personlogo\",\"inLanguage\":\"gl-ES\",\"url\":\"https:\/\/secure.gravatar.com\/avatar\/6d27e95386e38ac2eda8eed9b8a37c9c?s=96&d=mm&r=g\",\"contentUrl\":\"https:\/\/secure.gravatar.com\/avatar\/6d27e95386e38ac2eda8eed9b8a37c9c?s=96&d=mm&r=g\",\"caption\":\"FUNDACI\u00d3N ADCOR\"},\"url\":\"https:\/\/www.adcor.org\/gl\/author\/adcor\/\"}]}<\/script>\n<!-- \/ Yoast SEO plugin. -->","yoast_head_json":{"description":"Todav\u00eda hoy sigue existiendo mucha confusi\u00f3n sobre si el autismo es o no una discapacidad. En este post te lo explicamos en detalle.","robots":{"index":"index","follow":"follow","max-snippet":"max-snippet:-1","max-image-preview":"max-image-preview:large","max-video-preview":"max-video-preview:-1"},"canonical":"https:\/\/www.adcor.org\/autismo-discapacidad\/","og_locale":"gl_ES","og_type":"article","og_title":"\u00bfEl autismo est\u00e1 considerado una discapacidad?","og_description":"Todav\u00eda hoy sigue existiendo mucha confusi\u00f3n sobre si el autismo es o no una discapacidad. En este post te lo explicamos en detalle.","og_url":"https:\/\/www.adcor.org\/autismo-discapacidad\/","og_site_name":"ADCOR","article_published_time":"2024-02-29T11:50:15+00:00","article_modified_time":"2024-03-15T10:08:29+00:00","og_image":[{"width":1024,"height":683,"url":"https:\/\/www.adcor.org\/wp-content\/uploads\/Post-1-2.jpg","type":"image\/jpeg"}],"twitter_card":"summary_large_image","twitter_misc":{"Escrito por":"FUNDACI\u00d3N ADCOR","Tempo de lectura":"4 minutos"},"schema":{"@context":"https:\/\/schema.org","@graph":[{"@type":"WebSite","@id":"https:\/\/www.adcor.org\/#website","url":"https:\/\/www.adcor.org\/","name":"ADCOR","description":"Fundaci\u00f3n ADCOR","potentialAction":[{"@type":"SearchAction","target":{"@type":"EntryPoint","urlTemplate":"https:\/\/www.adcor.org\/?s={search_term_string}"},"query-input":"required name=search_term_string"}],"inLanguage":"gl-ES"},{"@type":"ImageObject","@id":"https:\/\/www.adcor.org\/autismo-discapacidad\/#primaryimage","inLanguage":"gl-ES","url":"https:\/\/www.adcor.org\/wp-content\/uploads\/Post-1-2.jpg","contentUrl":"https:\/\/www.adcor.org\/wp-content\/uploads\/Post-1-2.jpg","width":1024,"height":683,"caption":"Autismo y discapacidad"},{"@type":"WebPage","@id":"https:\/\/www.adcor.org\/autismo-discapacidad\/#webpage","url":"https:\/\/www.adcor.org\/autismo-discapacidad\/","name":"\u00bfEl autismo est\u00e1 considerado una discapacidad?","isPartOf":{"@id":"https:\/\/www.adcor.org\/#website"},"primaryImageOfPage":{"@id":"https:\/\/www.adcor.org\/autismo-discapacidad\/#primaryimage"},"datePublished":"2024-02-29T11:50:15+00:00","dateModified":"2024-03-15T10:08:29+00:00","author":{"@id":"https:\/\/www.adcor.org\/#\/schema\/person\/6d3ac136ed8f5fa5ff17d2eb87ef047c"},"description":"Todav\u00eda hoy sigue existiendo mucha confusi\u00f3n sobre si el autismo es o no una discapacidad. En este post te lo explicamos en detalle.","breadcrumb":{"@id":"https:\/\/www.adcor.org\/autismo-discapacidad\/#breadcrumb"},"inLanguage":"gl-ES","potentialAction":[{"@type":"ReadAction","target":["https:\/\/www.adcor.org\/autismo-discapacidad\/"]}]},{"@type":"BreadcrumbList","@id":"https:\/\/www.adcor.org\/autismo-discapacidad\/#breadcrumb","itemListElement":[{"@type":"ListItem","position":1,"name":"Portada","item":"https:\/\/www.adcor.org\/"},{"@type":"ListItem","position":2,"name":"\u00bfEl autismo es una discapacidad?"}]},{"@type":"Person","@id":"https:\/\/www.adcor.org\/#\/schema\/person\/6d3ac136ed8f5fa5ff17d2eb87ef047c","name":"FUNDACI\u00d3N ADCOR","image":{"@type":"ImageObject","@id":"https:\/\/www.adcor.org\/#personlogo","inLanguage":"gl-ES","url":"https:\/\/secure.gravatar.com\/avatar\/6d27e95386e38ac2eda8eed9b8a37c9c?s=96&d=mm&r=g","contentUrl":"https:\/\/secure.gravatar.com\/avatar\/6d27e95386e38ac2eda8eed9b8a37c9c?s=96&d=mm&r=g","caption":"FUNDACI\u00d3N ADCOR"},"url":"https:\/\/www.adcor.org\/gl\/author\/adcor\/"}]}},"_links":{"self":[{"href":"https:\/\/www.adcor.org\/gl\/wp-json\/wp\/v2\/posts\/23075"}],"collection":[{"href":"https:\/\/www.adcor.org\/gl\/wp-json\/wp\/v2\/posts"}],"about":[{"href":"https:\/\/www.adcor.org\/gl\/wp-json\/wp\/v2\/types\/post"}],"author":[{"embeddable":true,"href":"https:\/\/www.adcor.org\/gl\/wp-json\/wp\/v2\/users\/11"}],"replies":[{"embeddable":true,"href":"https:\/\/www.adcor.org\/gl\/wp-json\/wp\/v2\/comments?post=23075"}],"version-history":[{"count":1,"href":"https:\/\/www.adcor.org\/gl\/wp-json\/wp\/v2\/posts\/23075\/revisions"}],"predecessor-version":[{"id":23077,"href":"https:\/\/www.adcor.org\/gl\/wp-json\/wp\/v2\/posts\/23075\/revisions\/23077"}],"wp:featuredmedia":[{"embeddable":true,"href":"https:\/\/www.adcor.org\/gl\/wp-json\/wp\/v2\/media\/23076"}],"wp:attachment":[{"href":"https:\/\/www.adcor.org\/gl\/wp-json\/wp\/v2\/media?parent=23075"}],"wp:term":[{"taxonomy":"category","embeddable":true,"href":"https:\/\/www.adcor.org\/gl\/wp-json\/wp\/v2\/categories?post=23075"},{"taxonomy":"post_tag","embeddable":true,"href":"https:\/\/www.adcor.org\/gl\/wp-json\/wp\/v2\/tags?post=23075"}],"curies":[{"name":"wp","href":"https:\/\/api.w.org\/{rel}","templated":true}]}}