{"id":23091,"date":"2024-03-25T13:10:48","date_gmt":"2024-03-25T13:10:48","guid":{"rendered":"https:\/\/www.adcor.org\/?p=23091"},"modified":"2024-03-25T13:10:51","modified_gmt":"2024-03-25T13:10:51","slug":"peliculas-discapacidad","status":"publish","type":"post","link":"https:\/\/www.adcor.org\/gl\/peliculas-discapacidad\/","title":{"rendered":"Pel\u00edculas sobre discapacidad que te inspirar\u00e1n"},"content":{"rendered":"\n<p>El cine es una <strong>herramienta muy poderosa<\/strong> para dar a conocer al p\u00fablico diferentes tem\u00e1ticas y hacer que el espectador se ponga en el lugar de personas que, de otra forma, resultar\u00eda casi imposible. Por eso, cada vez m\u00e1s, las pel\u00edculas sobre discapacidad intelectual se hacen tan necesarias. Desde ADCOR queremos proponerte algunas para que a\u00f1adas a tu lista de pel\u00edculas pendientes.<\/p>\n\n\n\n<h2>5 pel\u00edculas sobre discapacidad intelectual<\/h2>\n\n\n\n<p>Son muchos los directores de cine que han encontrado en la discapacidad una fuente de inspiraci\u00f3n para sus pel\u00edculas. Historias que muestran c\u00f3mo estas personas se enfrentan a sus adversidades, alcanzan sus sue\u00f1os o experimentan sus emociones igual que el resto de la poblaci\u00f3n.<\/p>\n\n\n\n<h3>Forrest Gump<\/h3>\n\n\n\n<figure class=\"wp-block-image size-full\"><img decoding=\"async\" width=\"1024\" height=\"683\" src=\"https:\/\/www.adcor.org\/wp-content\/uploads\/Post-2-1.jpg\" alt=\"Forrest Gump\" class=\"wp-image-23096\" srcset=\"https:\/\/www.adcor.org\/wp-content\/uploads\/Post-2-1.jpg 1024w, https:\/\/www.adcor.org\/wp-content\/uploads\/Post-2-1-300x200.jpg 300w, https:\/\/www.adcor.org\/wp-content\/uploads\/Post-2-1-700x467.jpg 700w\" sizes=\"(max-width: 1024px) 100vw, 1024px\" \/><\/figure>\n\n\n\n<p>Hablando de pel\u00edculas sobre discapacidad, una que no puede faltar en ninguna lista es <em>Forrest Gump<\/em>. Ganadora de 6 premios \u00d3scars, la pel\u00edcula hace un recorrido por varias d\u00e9cadas de la vida de Forrest, un <strong>chico de Alabama con discapacidad intelectual.<\/strong><\/p>\n\n\n\n<p>A lo largo del film somos testigos de como Forrest se sobrepone a las adversidades y <strong>no deja nunca que la discapacidad limite su vida.<\/strong> De hecho, llega a convertirse en estrella del f\u00fatbol americano, en h\u00e9roe del ej\u00e9rcito, en jugador profesional de ping pong o en un empresario de \u00e9xito. Adem\u00e1s, es tambi\u00e9n testigo privilegiado, y en algunos casos incluso protagonista, de muchos de los momentos m\u00e1s importantes de la historia de los Estados Unidos en la segunda mitad del siglo XX.<br>Toda la pel\u00edcula es una incre\u00edble <strong>lecci\u00f3n sobre inclusi\u00f3n social e igualdad<\/strong> que nos ense\u00f1a que la diversidad es algo completamente normal y que, citando a Forrest, \u201ctonto es el que hace tonter\u00edas\u201d.<\/p>\n\n\n\n<h3>Campeones<\/h3>\n\n\n\n<figure class=\"wp-block-image size-full\"><img decoding=\"async\" width=\"1024\" height=\"683\" src=\"https:\/\/www.adcor.org\/wp-content\/uploads\/Post-3.jpg\" alt=\"Campeones\" class=\"wp-image-23097\" srcset=\"https:\/\/www.adcor.org\/wp-content\/uploads\/Post-3.jpg 1024w, https:\/\/www.adcor.org\/wp-content\/uploads\/Post-3-300x200.jpg 300w, https:\/\/www.adcor.org\/wp-content\/uploads\/Post-3-700x467.jpg 700w\" sizes=\"(max-width: 1024px) 100vw, 1024px\" \/><\/figure>\n\n\n\n<p>A pesar de haber arrasado en taquilla y conseguir 3 premios Goya, la mejor recompensa para esta pel\u00edcula de discapacidad es haber logrado <strong>darle val\u00eda y visibilidad <\/strong>a todo el colectivo sin perder el humor y la sonrisa.<\/p>\n\n\n\n<p>La historia sigue a Marco, un entrenador de baloncesto que, tras estrellar su coche al conducir bajo los efectos del alcohol, se ve obligado a entrenar a un grupo de personas con discapacidad intelectual por orden del juez. Lo que empieza como un trabajo forzado, termina convirti\u00e9ndose en una gran historia en la que el entrenador descubre c\u00f3mo las personas discapacitadas pueden llegar a ser <strong>felices e independientes m\u00e1s all\u00e1 de su enfermedad.<\/strong><br>Adem\u00e1s, para la pel\u00edcula se buscaron a <strong>actores y actrices con diversidad funcional<\/strong> en lugar de actores profesionales. Uno de ellos, Jes\u00fas Vidal, fue ganador del Goya a Mejor Actor Revelaci\u00f3n. Durante su discurso de agradecimiento se vivi\u00f3 uno de los momentos m\u00e1s emocionantes de la gala y se dio un paso gigante en inclusi\u00f3n y visibilidad.<\/p>\n\n\n\n<h3>Las llaves de casa<\/h3>\n\n\n\n<figure class=\"wp-block-image size-full\"><img decoding=\"async\" width=\"1024\" height=\"683\" src=\"https:\/\/www.adcor.org\/wp-content\/uploads\/Post-4.jpg\" alt=\"Las llaves de casa\" class=\"wp-image-23098\" srcset=\"https:\/\/www.adcor.org\/wp-content\/uploads\/Post-4.jpg 1024w, https:\/\/www.adcor.org\/wp-content\/uploads\/Post-4-300x200.jpg 300w, https:\/\/www.adcor.org\/wp-content\/uploads\/Post-4-700x467.jpg 700w\" sizes=\"(max-width: 1024px) 100vw, 1024px\" \/><\/figure>\n\n\n\n<p>Esta pel\u00edcula sobre discapacidad con sello italiano se sumerge de lleno en la <strong>relaci\u00f3n entre familia y personas con discapacidad<\/strong>. La madre de Paolo muere durante el parto y \u00e9l nace con discapacidad f\u00edsica e intelectual. Su padre, Gianni, lo abandona y no vuelve a verle. Quince a\u00f1os despu\u00e9s, el padre decide reencontrarse con su hijo y acompa\u00f1arlo a un hospital de Berl\u00edn, donde tiene que someterse a diversas pruebas.<br>Durante el tiempo que pasan juntos en Berl\u00edn, <strong>Paolo tiene que ense\u00f1ar a su padre<\/strong> a ser un familiar de una persona con discapacidad. Frente a sus miedos y exceso de protecci\u00f3n, el hijo lo gu\u00eda explic\u00e1ndole qu\u00e9 puede hacer solo y en qu\u00e9 necesita ayuda y le acompa\u00f1a incluso a nivel emocional en un viaje dif\u00edcil para ambos que sentar\u00e1 las bases para construir una relaci\u00f3n de cuidados, pero tambi\u00e9n de amor.<\/p>\n\n\n\n<h3>Rain Man<\/h3>\n\n\n\n<figure class=\"wp-block-image size-full\"><img decoding=\"async\" width=\"1024\" height=\"683\" src=\"https:\/\/www.adcor.org\/wp-content\/uploads\/Post-5.jpg\" alt=\"Rain Man\" class=\"wp-image-23099\" srcset=\"https:\/\/www.adcor.org\/wp-content\/uploads\/Post-5.jpg 1024w, https:\/\/www.adcor.org\/wp-content\/uploads\/Post-5-300x200.jpg 300w, https:\/\/www.adcor.org\/wp-content\/uploads\/Post-5-700x467.jpg 700w\" sizes=\"(max-width: 1024px) 100vw, 1024px\" \/><\/figure>\n\n\n\n<p>Una de las pel\u00edculas <strong>m\u00e1s famosas y premiadas sobre el autismo<\/strong> es, sin duda, Rain Man. Ganadora de cuatro premios \u00d3scars, narra la historia de Charlie, un joven que, al morir su padre, se entera que tiene un hermano con <a href=\"https:\/\/www.adcor.org\/autismo-discapacidad\/\">autismo<\/a> que vive en una residencia para personas con discapacidad y dependencia.&nbsp;<\/p>\n\n\n\n<p>Cuando Charlie descubre que su padre ha dejado pr\u00e1cticamente todos sus bienes a Raymond, su hermano, se lo lleva de la residencia y juntos emprenden un viaje por Estados Unidos. Un viaje que no ser\u00e1 s\u00f3lo f\u00edsico, sino emocional, ya que poco a poco se ir\u00e1n conociendo mutuamente.<br>Hay que tener en cuenta que la pel\u00edcula fue estrenada en 1989 y, desde ese momento, han cambiado muchas cosas y ha habido m\u00faltiples avances en el tratamiento de las discapacidades intelectuales. Por eso hay comentarios y expresiones que, por suerte, actualmente consideramos inapropiadas. Visionar hoy en d\u00eda la pel\u00edcula, tambi\u00e9n nos ayuda a ver los pasos de gigante que hemos dado en los \u00faltimos a\u00f1os en el <strong>terreno del lenguaje.<\/strong><\/p>\n\n\n\n<h3>Yo, tambi\u00e9n<\/h3>\n\n\n\n<figure class=\"wp-block-image size-full\"><img decoding=\"async\" width=\"1024\" height=\"683\" src=\"https:\/\/www.adcor.org\/wp-content\/uploads\/Post-6.jpg\" alt=\"Yo tambi\u00e9n\" class=\"wp-image-23092\" srcset=\"https:\/\/www.adcor.org\/wp-content\/uploads\/Post-6.jpg 1024w, https:\/\/www.adcor.org\/wp-content\/uploads\/Post-6-300x200.jpg 300w, https:\/\/www.adcor.org\/wp-content\/uploads\/Post-6-700x467.jpg 700w\" sizes=\"(max-width: 1024px) 100vw, 1024px\" \/><\/figure>\n\n\n\n<p>Daniel, un joven sevillano de 34 a\u00f1os, es el primer europeo con <strong>s\u00edndrome de Down<\/strong> que ha obtenido un t\u00edtulo universitario. En esta pel\u00edcula sobre discapacidad, Daniel empieza su vida laboral en la administraci\u00f3n p\u00fablica donde conoce a Laura, una compa\u00f1era de trabajo, sin discapacidad aparente y se enamora de ella.<br>La pel\u00edcula muestra algo que muchas veces se esconde o invisibiliza: los sentimientos y la <strong><a href=\"https:\/\/www.adcor.org\/sexualidad-personas-discapacidad-intelectual\/\">sexualidad de las personas con discapacidad<\/a><\/strong>, tan capaces de amar y con las mismas necesidades afectivas que el resto de personas.<\/p>\n\n\n\n<h2>Otras pel\u00edculas sobre discapacidad<\/h2>\n\n\n\n<p>Adem\u00e1s de pel\u00edculas sobre personas con discapacidad, tambi\u00e9n se han hecho un buen pu\u00f1ado de documentales con los que se pretende visibilizar a las personas de este colectivo y concienciar al resto de la sociedad sobre la necesidad de una inclusi\u00f3n real.<\/p>\n\n\n\n<h3>Crip Camp: A Disability Revolution<\/h3>\n\n\n\n<figure class=\"wp-block-image size-full\"><img decoding=\"async\" width=\"1024\" height=\"683\" src=\"https:\/\/www.adcor.org\/wp-content\/uploads\/Post-7.jpg\" alt=\"Crip Camp: A Disability Revolution\" class=\"wp-image-23093\" srcset=\"https:\/\/www.adcor.org\/wp-content\/uploads\/Post-7.jpg 1024w, https:\/\/www.adcor.org\/wp-content\/uploads\/Post-7-300x200.jpg 300w, https:\/\/www.adcor.org\/wp-content\/uploads\/Post-7-700x467.jpg 700w\" sizes=\"(max-width: 1024px) 100vw, 1024px\" \/><\/figure>\n\n\n\n<p>Producida por Barack y Michelle Obama, esta pel\u00edcula sobre la discapacidad en formato documental cuenta la historia del<strong> Campamento Jened<\/strong>, un lugar donde, a comienzos de los a\u00f1os 70,&nbsp; j\u00f3venes con todo tipo de discapacidades pod\u00edan vivir felices, libres y sin etiquetas.<\/p>\n\n\n\n<p>Pero tambi\u00e9n fue el lugar donde se fund\u00f3 un <strong>movimiento social <\/strong>en el que todas las personas con discapacidad reclamaban sus derechos. Una aut\u00e9ntica revoluci\u00f3n social que allan\u00f3 el terreno para la creaci\u00f3n, en 1990, de la Ley de Estadounidenses con Discapacidades, una ley pionera que marc\u00f3 un antes y un despu\u00e9s en el movimiento por los derechos de las personas con discapacidad en todo el mundo.<br>El documental incluye material grabado en el propio campamento donde se ve a los j\u00f3venes jugando al b\u00e9isbol, contando chistes y siendo, en definitiva, adolescentes. Se incluyen, tambi\u00e9n, el <strong>testimonio actual<\/strong> de muchas de las personas que estuvieron en el campamento. Un reflejo de un trozo de historia de la lucha por la justicia social al que no se ha dado la visibilidad que merece.<\/p>\n\n\n\n<h3>Todos los caminos<\/h3>\n\n\n\n<figure class=\"wp-block-image size-full\"><img decoding=\"async\" width=\"1024\" height=\"683\" src=\"https:\/\/www.adcor.org\/wp-content\/uploads\/Post-8.jpg\" alt=\"Todos los caminos\" class=\"wp-image-23094\" srcset=\"https:\/\/www.adcor.org\/wp-content\/uploads\/Post-8.jpg 1024w, https:\/\/www.adcor.org\/wp-content\/uploads\/Post-8-300x200.jpg 300w, https:\/\/www.adcor.org\/wp-content\/uploads\/Post-8-700x467.jpg 700w\" sizes=\"(max-width: 1024px) 100vw, 1024px\" \/><\/figure>\n\n\n\n<p>Concienciar sobre el <strong>s\u00edndrome de Rett<\/strong>, ese era el objetivo que buscaba el actor Dani Rovira cuando decidi\u00f3 embarcarse en esta pel\u00edcula sobre la discapacidad.&nbsp;<br>Acompa\u00f1ado de Paco, padre de una ni\u00f1a que padece esta enfermedad, Germ\u00e1n y Mart\u00edn emprende un emocionante viaje en bicicleta desde Barcelona hasta Roma para intentar <strong>visibilizar este s\u00edndrome<\/strong> con la ayuda del Papa Francisco.<\/p>\n","protected":false},"excerpt":{"rendered":"<p>El cine es una herramienta muy poderosa para dar a conocer al p\u00fablico diferentes tem\u00e1ticas y hacer que el espectador se ponga en el lugar de personas que, de otra forma, resultar\u00eda casi imposible. Por eso, cada vez m\u00e1s, las pel\u00edculas sobre discapacidad intelectual se&#8230;<\/p>\n","protected":false},"author":11,"featured_media":23095,"comment_status":"open","ping_status":"open","sticky":false,"template":"","format":"standard","meta":{"_monsterinsights_skip_tracking":false,"_monsterinsights_sitenote_active":false,"_monsterinsights_sitenote_note":"","_monsterinsights_sitenote_category":0},"categories":[333,117],"tags":[342],"yoast_head":"<!-- This site is optimized with the Yoast SEO plugin v18.0 - https:\/\/yoast.com\/wordpress\/plugins\/seo\/ -->\n<meta name=\"description\" content=\"El cine es una herramienta poderosa para despertar empat\u00eda. Por eso consideramos tan necesarias estas pel\u00edculas sobre discapacidad.\" \/>\n<meta name=\"robots\" content=\"index, follow, max-snippet:-1, max-image-preview:large, max-video-preview:-1\" \/>\n<link rel=\"canonical\" href=\"https:\/\/www.adcor.org\/peliculas-discapacidad\/\" \/>\n<meta property=\"og:locale\" content=\"gl_ES\" \/>\n<meta property=\"og:type\" content=\"article\" \/>\n<meta property=\"og:title\" content=\"Pel\u00edculas sobre discapacidad que deber\u00edas ver\" \/>\n<meta property=\"og:description\" content=\"El cine es una herramienta poderosa para despertar empat\u00eda. Por eso consideramos tan necesarias estas pel\u00edculas sobre discapacidad.\" \/>\n<meta property=\"og:url\" content=\"https:\/\/www.adcor.org\/peliculas-discapacidad\/\" \/>\n<meta property=\"og:site_name\" content=\"ADCOR\" \/>\n<meta property=\"article:published_time\" content=\"2024-03-25T13:10:48+00:00\" \/>\n<meta property=\"article:modified_time\" content=\"2024-03-25T13:10:51+00:00\" \/>\n<meta property=\"og:image\" content=\"https:\/\/www.adcor.org\/wp-content\/uploads\/Post-1.jpg\" \/>\n\t<meta property=\"og:image:width\" content=\"1024\" \/>\n\t<meta property=\"og:image:height\" content=\"683\" \/>\n\t<meta property=\"og:image:type\" content=\"image\/jpeg\" \/>\n<meta name=\"twitter:card\" content=\"summary_large_image\" \/>\n<meta name=\"twitter:label1\" content=\"Escrito por\" \/>\n\t<meta name=\"twitter:data1\" content=\"FUNDACI\u00d3N ADCOR\" \/>\n\t<meta name=\"twitter:label2\" content=\"Tempo de lectura\" \/>\n\t<meta name=\"twitter:data2\" content=\"7 minutos\" \/>\n<script type=\"application\/ld+json\" class=\"yoast-schema-graph\">{\"@context\":\"https:\/\/schema.org\",\"@graph\":[{\"@type\":\"WebSite\",\"@id\":\"https:\/\/www.adcor.org\/#website\",\"url\":\"https:\/\/www.adcor.org\/\",\"name\":\"ADCOR\",\"description\":\"Fundaci\u00f3n ADCOR\",\"potentialAction\":[{\"@type\":\"SearchAction\",\"target\":{\"@type\":\"EntryPoint\",\"urlTemplate\":\"https:\/\/www.adcor.org\/?s={search_term_string}\"},\"query-input\":\"required name=search_term_string\"}],\"inLanguage\":\"gl-ES\"},{\"@type\":\"ImageObject\",\"@id\":\"https:\/\/www.adcor.org\/peliculas-discapacidad\/#primaryimage\",\"inLanguage\":\"gl-ES\",\"url\":\"https:\/\/www.adcor.org\/wp-content\/uploads\/Post-1.jpg\",\"contentUrl\":\"https:\/\/www.adcor.org\/wp-content\/uploads\/Post-1.jpg\",\"width\":1024,\"height\":683,\"caption\":\"Las mejores pel\u00edculas sobre discapacidad\"},{\"@type\":\"WebPage\",\"@id\":\"https:\/\/www.adcor.org\/peliculas-discapacidad\/#webpage\",\"url\":\"https:\/\/www.adcor.org\/peliculas-discapacidad\/\",\"name\":\"Pel\u00edculas sobre discapacidad que deber\u00edas ver\",\"isPartOf\":{\"@id\":\"https:\/\/www.adcor.org\/#website\"},\"primaryImageOfPage\":{\"@id\":\"https:\/\/www.adcor.org\/peliculas-discapacidad\/#primaryimage\"},\"datePublished\":\"2024-03-25T13:10:48+00:00\",\"dateModified\":\"2024-03-25T13:10:51+00:00\",\"author\":{\"@id\":\"https:\/\/www.adcor.org\/#\/schema\/person\/6d3ac136ed8f5fa5ff17d2eb87ef047c\"},\"description\":\"El cine es una herramienta poderosa para despertar empat\u00eda. Por eso consideramos tan necesarias estas pel\u00edculas sobre discapacidad.\",\"breadcrumb\":{\"@id\":\"https:\/\/www.adcor.org\/peliculas-discapacidad\/#breadcrumb\"},\"inLanguage\":\"gl-ES\",\"potentialAction\":[{\"@type\":\"ReadAction\",\"target\":[\"https:\/\/www.adcor.org\/peliculas-discapacidad\/\"]}]},{\"@type\":\"BreadcrumbList\",\"@id\":\"https:\/\/www.adcor.org\/peliculas-discapacidad\/#breadcrumb\",\"itemListElement\":[{\"@type\":\"ListItem\",\"position\":1,\"name\":\"Portada\",\"item\":\"https:\/\/www.adcor.org\/\"},{\"@type\":\"ListItem\",\"position\":2,\"name\":\"Pel\u00edculas sobre discapacidad que te inspirar\u00e1n\"}]},{\"@type\":\"Person\",\"@id\":\"https:\/\/www.adcor.org\/#\/schema\/person\/6d3ac136ed8f5fa5ff17d2eb87ef047c\",\"name\":\"FUNDACI\u00d3N ADCOR\",\"image\":{\"@type\":\"ImageObject\",\"@id\":\"https:\/\/www.adcor.org\/#personlogo\",\"inLanguage\":\"gl-ES\",\"url\":\"https:\/\/secure.gravatar.com\/avatar\/6d27e95386e38ac2eda8eed9b8a37c9c?s=96&d=mm&r=g\",\"contentUrl\":\"https:\/\/secure.gravatar.com\/avatar\/6d27e95386e38ac2eda8eed9b8a37c9c?s=96&d=mm&r=g\",\"caption\":\"FUNDACI\u00d3N ADCOR\"},\"url\":\"https:\/\/www.adcor.org\/gl\/author\/adcor\/\"}]}<\/script>\n<!-- \/ Yoast SEO plugin. -->","yoast_head_json":{"description":"El cine es una herramienta poderosa para despertar empat\u00eda. Por eso consideramos tan necesarias estas pel\u00edculas sobre discapacidad.","robots":{"index":"index","follow":"follow","max-snippet":"max-snippet:-1","max-image-preview":"max-image-preview:large","max-video-preview":"max-video-preview:-1"},"canonical":"https:\/\/www.adcor.org\/peliculas-discapacidad\/","og_locale":"gl_ES","og_type":"article","og_title":"Pel\u00edculas sobre discapacidad que deber\u00edas ver","og_description":"El cine es una herramienta poderosa para despertar empat\u00eda. Por eso consideramos tan necesarias estas pel\u00edculas sobre discapacidad.","og_url":"https:\/\/www.adcor.org\/peliculas-discapacidad\/","og_site_name":"ADCOR","article_published_time":"2024-03-25T13:10:48+00:00","article_modified_time":"2024-03-25T13:10:51+00:00","og_image":[{"width":1024,"height":683,"url":"https:\/\/www.adcor.org\/wp-content\/uploads\/Post-1.jpg","type":"image\/jpeg"}],"twitter_card":"summary_large_image","twitter_misc":{"Escrito por":"FUNDACI\u00d3N ADCOR","Tempo de lectura":"7 minutos"},"schema":{"@context":"https:\/\/schema.org","@graph":[{"@type":"WebSite","@id":"https:\/\/www.adcor.org\/#website","url":"https:\/\/www.adcor.org\/","name":"ADCOR","description":"Fundaci\u00f3n ADCOR","potentialAction":[{"@type":"SearchAction","target":{"@type":"EntryPoint","urlTemplate":"https:\/\/www.adcor.org\/?s={search_term_string}"},"query-input":"required name=search_term_string"}],"inLanguage":"gl-ES"},{"@type":"ImageObject","@id":"https:\/\/www.adcor.org\/peliculas-discapacidad\/#primaryimage","inLanguage":"gl-ES","url":"https:\/\/www.adcor.org\/wp-content\/uploads\/Post-1.jpg","contentUrl":"https:\/\/www.adcor.org\/wp-content\/uploads\/Post-1.jpg","width":1024,"height":683,"caption":"Las mejores pel\u00edculas sobre discapacidad"},{"@type":"WebPage","@id":"https:\/\/www.adcor.org\/peliculas-discapacidad\/#webpage","url":"https:\/\/www.adcor.org\/peliculas-discapacidad\/","name":"Pel\u00edculas sobre discapacidad que deber\u00edas ver","isPartOf":{"@id":"https:\/\/www.adcor.org\/#website"},"primaryImageOfPage":{"@id":"https:\/\/www.adcor.org\/peliculas-discapacidad\/#primaryimage"},"datePublished":"2024-03-25T13:10:48+00:00","dateModified":"2024-03-25T13:10:51+00:00","author":{"@id":"https:\/\/www.adcor.org\/#\/schema\/person\/6d3ac136ed8f5fa5ff17d2eb87ef047c"},"description":"El cine es una herramienta poderosa para despertar empat\u00eda. Por eso consideramos tan necesarias estas pel\u00edculas sobre discapacidad.","breadcrumb":{"@id":"https:\/\/www.adcor.org\/peliculas-discapacidad\/#breadcrumb"},"inLanguage":"gl-ES","potentialAction":[{"@type":"ReadAction","target":["https:\/\/www.adcor.org\/peliculas-discapacidad\/"]}]},{"@type":"BreadcrumbList","@id":"https:\/\/www.adcor.org\/peliculas-discapacidad\/#breadcrumb","itemListElement":[{"@type":"ListItem","position":1,"name":"Portada","item":"https:\/\/www.adcor.org\/"},{"@type":"ListItem","position":2,"name":"Pel\u00edculas sobre discapacidad que te inspirar\u00e1n"}]},{"@type":"Person","@id":"https:\/\/www.adcor.org\/#\/schema\/person\/6d3ac136ed8f5fa5ff17d2eb87ef047c","name":"FUNDACI\u00d3N ADCOR","image":{"@type":"ImageObject","@id":"https:\/\/www.adcor.org\/#personlogo","inLanguage":"gl-ES","url":"https:\/\/secure.gravatar.com\/avatar\/6d27e95386e38ac2eda8eed9b8a37c9c?s=96&d=mm&r=g","contentUrl":"https:\/\/secure.gravatar.com\/avatar\/6d27e95386e38ac2eda8eed9b8a37c9c?s=96&d=mm&r=g","caption":"FUNDACI\u00d3N ADCOR"},"url":"https:\/\/www.adcor.org\/gl\/author\/adcor\/"}]}},"_links":{"self":[{"href":"https:\/\/www.adcor.org\/gl\/wp-json\/wp\/v2\/posts\/23091"}],"collection":[{"href":"https:\/\/www.adcor.org\/gl\/wp-json\/wp\/v2\/posts"}],"about":[{"href":"https:\/\/www.adcor.org\/gl\/wp-json\/wp\/v2\/types\/post"}],"author":[{"embeddable":true,"href":"https:\/\/www.adcor.org\/gl\/wp-json\/wp\/v2\/users\/11"}],"replies":[{"embeddable":true,"href":"https:\/\/www.adcor.org\/gl\/wp-json\/wp\/v2\/comments?post=23091"}],"version-history":[{"count":1,"href":"https:\/\/www.adcor.org\/gl\/wp-json\/wp\/v2\/posts\/23091\/revisions"}],"predecessor-version":[{"id":23100,"href":"https:\/\/www.adcor.org\/gl\/wp-json\/wp\/v2\/posts\/23091\/revisions\/23100"}],"wp:featuredmedia":[{"embeddable":true,"href":"https:\/\/www.adcor.org\/gl\/wp-json\/wp\/v2\/media\/23095"}],"wp:attachment":[{"href":"https:\/\/www.adcor.org\/gl\/wp-json\/wp\/v2\/media?parent=23091"}],"wp:term":[{"taxonomy":"category","embeddable":true,"href":"https:\/\/www.adcor.org\/gl\/wp-json\/wp\/v2\/categories?post=23091"},{"taxonomy":"post_tag","embeddable":true,"href":"https:\/\/www.adcor.org\/gl\/wp-json\/wp\/v2\/tags?post=23091"}],"curies":[{"name":"wp","href":"https:\/\/api.w.org\/{rel}","templated":true}]}}