{"id":23112,"date":"2024-04-24T06:20:25","date_gmt":"2024-04-24T06:20:25","guid":{"rendered":"https:\/\/www.adcor.org\/?p=23112"},"modified":"2024-04-24T06:20:29","modified_gmt":"2024-04-24T06:20:29","slug":"deporte-y-discapacidad","status":"publish","type":"post","link":"https:\/\/www.adcor.org\/gl\/deporte-y-discapacidad\/","title":{"rendered":"Deporte y discapacidad intelectual: la importancia de una vida activa"},"content":{"rendered":"\n<p>Practicar deporte de forma habitual trae consigo beneficios mucho m\u00e1s all\u00e1 de la mejora f\u00edsica, ya que aumenta la autoestima, evita el aislamiento social o reduce la ansiedad y la angustia. Ventajas que lo convierten en la herramienta perfecta para lograr la inclusi\u00f3n de las personas con discapacidad. Precisamente sobre deporte y discapacidad es de lo que queremos hablarte en este post. \u00bfEmpezamos?<\/p>\n\n\n\n<h2>Discapacidad y deporte<\/h2>\n\n\n\n<p>En la declaraci\u00f3n de los Derechos Humanos del 10 de diciembre de 1948 ya se menciona el derecho a la no discriminaci\u00f3n, al trabajo, a la educaci\u00f3n y a <strong>participar en actividades deportivas y recreativas<\/strong>, <a href=\"https:\/\/www.adcor.org\/derechos-personas-discapacidad\/\">derechos de las personas con discapacidad<\/a> que tambi\u00e9n recoge la LGD. Sin embargo, estas personas se encuentran muchas veces con barreras para disfrutar de estos derechos.<\/p>\n\n\n\n<p>Por eso, es importante <strong>abrir la actividad f\u00edsico deportiva a todas las personas<\/strong> para que puedan disfrutar de los beneficios que reporta el deporte para mejorar la calidad de vida.&nbsp;<\/p>\n\n\n\n<h2>Beneficios del deporte en personas con discapacidad intelectual<\/h2>\n\n\n\n<p>La actividad f\u00edsica y, concretamente practicar deporte, trae consigo un <strong>mont\u00f3n de beneficios para cualquier persona<\/strong>. No solo ayuda a mejorar la salud f\u00edsica de las personas, sino que tambi\u00e9n repercute en su salud mental. En el caso de las personas con discapacidad intelectual, estos beneficios no son una excepci\u00f3n.<\/p>\n\n\n\n<p>El deporte en personas con discapacidad ayuda a cambiar las percepciones y actitudes externas hacia las capacidades de las personas con discapacidad intelectual. Adem\u00e1s, seg\u00fan diversos estudios, al realizar actividades f\u00edsicas se<strong> mejora el desarrollo de las habilidades motoras<\/strong>, la fuerza muscular, el funcionamiento del sistema inmunitario, los patrones de sue\u00f1o, la dieta o la nutrici\u00f3n.&nbsp;<\/p>\n\n\n\n<p>Pero los beneficios del deporte en personas con discapacidad van <strong>m\u00e1s all\u00e1 del bienestar f\u00edsico<\/strong>. Est\u00e1 demostrado que las personas con discapacidad intelectual que practican alg\u00fan deporte tienen mayor capacidad de adaptaci\u00f3n a los factores de estr\u00e9s y presentan mayores niveles de autoestima e inclusi\u00f3n social. Al final, el deporte es una manera de integrarse en la sociedad y de comunicarse con otras personas.<\/p>\n\n\n\n<h2>Deportes adaptados para personas con discapacidad intelectual<\/h2>\n\n\n\n<p>Los deportes para personas con discapacidad intelectual tienen como finalidad apoyar y promover programas que beneficien a la salud de la poblaci\u00f3n que vive con alg\u00fan tipo de discapacidad. Con el deporte se utiliza la activaci\u00f3n f\u00edsica como medio de estimulaci\u00f3n, integraci\u00f3n, expresi\u00f3n personal y desarrollo aut\u00f3nomo para las personas con discapacidad. En definitiva, se trata de<strong> mejorar su calidad de vida y su salud.<\/strong><\/p>\n\n\n\n<p>Para hacer accesible la pr\u00e1ctica deportiva a estas personas se cre\u00f3 el deporte adaptado. Como su propio nombre indica, se basa en<strong> adaptar los distintos deportes existentes a las posibilidades de los jugadores<\/strong>. Hay numerosas adaptaciones que se deben realizar para que un deporte sea considerado adaptado. Estas modificaciones pueden estar en el reglamento, el material, en el espacio y en las t\u00e1cticas.<\/p>\n\n\n\n<p>Federaciones deportivas, como puede ser <a href=\"https:\/\/www.feddi.org\/\">FEDDI<\/a>, han <strong>apoyado la pr\u00e1ctica de deporte en personas con discapacidad<\/strong> e impulsado la adaptaci\u00f3n de multitud de deportes para que este colectivo tambi\u00e9n puedan disfrutar de todos los beneficios de practicar actividad f\u00edsica. Algunos de los m\u00e1s comunes son:<\/p>\n\n\n\n<h3>Atletismo<\/h3>\n\n\n\n<figure class=\"wp-block-image size-full\"><img decoding=\"async\" width=\"1200\" height=\"628\" src=\"https:\/\/www.adcor.org\/wp-content\/uploads\/Atletismo.jpg\" alt=\"Deporte y discapacidad: atletismo\" class=\"wp-image-23114\" srcset=\"https:\/\/www.adcor.org\/wp-content\/uploads\/Atletismo.jpg 1200w, https:\/\/www.adcor.org\/wp-content\/uploads\/Atletismo-300x157.jpg 300w, https:\/\/www.adcor.org\/wp-content\/uploads\/Atletismo-1024x536.jpg 1024w, https:\/\/www.adcor.org\/wp-content\/uploads\/Atletismo-700x366.jpg 700w\" sizes=\"(max-width: 1200px) 100vw, 1200px\" \/><\/figure>\n\n\n\n<p>El atletismo es una de las principales disciplinas de la Federaci\u00f3n Espa\u00f1ola de Deportes para personas con Discapacidad Intelectual y uno de los deportes para personas con discapacidad intelectual que<strong> se encuentra dentro del Programa Paral\u00edmpico<\/strong>. Los atletas podr\u00e1n competir tanto en pruebas de carreras y saltos como en pruebas de lanzamientos.<\/p>\n\n\n\n<h3>Baloncesto<\/h3>\n\n\n\n<figure class=\"wp-block-image size-full\"><img decoding=\"async\" width=\"1201\" height=\"629\" src=\"https:\/\/www.adcor.org\/wp-content\/uploads\/Baloncesto.jpg\" alt=\"Baloncesto\" class=\"wp-image-23115\" srcset=\"https:\/\/www.adcor.org\/wp-content\/uploads\/Baloncesto.jpg 1201w, https:\/\/www.adcor.org\/wp-content\/uploads\/Baloncesto-300x157.jpg 300w, https:\/\/www.adcor.org\/wp-content\/uploads\/Baloncesto-1024x536.jpg 1024w, https:\/\/www.adcor.org\/wp-content\/uploads\/Baloncesto-700x367.jpg 700w\" sizes=\"(max-width: 1201px) 100vw, 1201px\" \/><\/figure>\n\n\n\n<p>En el baloncesto, las<strong> reglas del juego se adaptan<\/strong> para hacer el deporte m\u00e1s comprensible y accesible para sus participantes. Adem\u00e1s, se pueden introducir medidas para apoyar a los jugadores durante el juego como la presencia de entrenadores o asistentes en la cancha.&nbsp;<\/p>\n\n\n\n<p>El baloncesto ofrece a las personas con discapacidad intelectual la oportunidad de participar, competir, disfrutar y sentirse parte de un grupo en un ambiente inclusivo y respetuoso.<\/p>\n\n\n\n<h3>Nataci\u00f3n<\/h3>\n\n\n\n<figure class=\"wp-block-image size-full\"><img decoding=\"async\" width=\"1201\" height=\"628\" src=\"https:\/\/www.adcor.org\/wp-content\/uploads\/Natacion.jpg\" alt=\"Nataci\u00f3n\" class=\"wp-image-23116\" srcset=\"https:\/\/www.adcor.org\/wp-content\/uploads\/Natacion.jpg 1201w, https:\/\/www.adcor.org\/wp-content\/uploads\/Natacion-300x157.jpg 300w, https:\/\/www.adcor.org\/wp-content\/uploads\/Natacion-1024x535.jpg 1024w, https:\/\/www.adcor.org\/wp-content\/uploads\/Natacion-700x366.jpg 700w\" sizes=\"(max-width: 1201px) 100vw, 1201px\" \/><\/figure>\n\n\n\n<p>La nataci\u00f3n es otro de los deportes para personas con discapacidad intelectual que se encuentran dentro del Programa Paral\u00edmpico y con el que se han cosechado grandes \u00e9xitos tanto a nivel nacional como internacional. Adem\u00e1s, la nataci\u00f3n es un <strong>deporte muy completo <\/strong>que permite mejorar la condici\u00f3n f\u00edsica y trabajar distintas habilidades como fuerza, resistencia o flexibilidad.<\/p>\n\n\n\n<h3>Gimnasia r\u00edtmica<\/h3>\n\n\n\n<figure class=\"wp-block-image size-full\"><img decoding=\"async\" width=\"1200\" height=\"629\" src=\"https:\/\/www.adcor.org\/wp-content\/uploads\/Gimnasia.jpg\" alt=\"Deporte y discapacidad: gimnasia r\u00edtmica\" class=\"wp-image-23117\" srcset=\"https:\/\/www.adcor.org\/wp-content\/uploads\/Gimnasia.jpg 1200w, https:\/\/www.adcor.org\/wp-content\/uploads\/Gimnasia-300x157.jpg 300w, https:\/\/www.adcor.org\/wp-content\/uploads\/Gimnasia-1024x537.jpg 1024w, https:\/\/www.adcor.org\/wp-content\/uploads\/Gimnasia-700x367.jpg 700w\" sizes=\"(max-width: 1200px) 100vw, 1200px\" \/><\/figure>\n\n\n\n<p>Aunque no est\u00e9 inclu\u00edda en el Programa Paral\u00edmpico, s\u00ed se realizan <strong>exhibiciones y campeonatos de gimnasia r\u00edtmica a nivel nacional<\/strong> en el que se incluyen las modalidades individual, conjunto y equipo. Las mayores diferencias con la gimnasia r\u00edtmica tradicional se encuentran en el apartado de dificultad t\u00e9cnica pero, por lo dem\u00e1s, no presenta ninguna adaptaci\u00f3n. Es un deporte muy popular entre personas con S\u00edndrome de Down y personas con discapacidad intelectual con un cociente intelectual igual o menor a 75%.<\/p>\n\n\n\n<h2>Deportes paral\u00edmpicos y discapacidad intelectual<\/h2>\n\n\n\n<p>Como acabas de ver, algunos de los deportes adaptados para discapacidad intelectual est\u00e1n dentro del Programa Paral\u00edmpico. Esto se consigui\u00f3 en los <strong>Juegos Paral\u00edmpicos de Londres 2012<\/strong>, a\u00f1o en el que se volvi\u00f3 a incluir a los deportistas con discapacidad intelectual en la competici\u00f3n despu\u00e9s de que fueran excluidos tras Sidney 2000. \u00bfEl motivo? Se comprob\u00f3 que el sistema de valoraci\u00f3n de la Federaci\u00f3n Internacional de Deportes para Discapacitados Intelectuales (INAS) no ten\u00eda en cuenta el impacto que la discapacidad intelectual pod\u00eda tener en la pr\u00e1ctica deportiva, de forma que compet\u00edan personas que no pod\u00edan ser consideradas discapacitadas. A partir de Londres, los <strong>deportistas deber\u00e1n cumplir con el sistema de clasificaci\u00f3n<\/strong> que se ha desarrollado en concordancia con el C\u00f3digo de Clasificaciones de IPC. Como particularidad, en los Juegos Paral\u00edmpicos s\u00f3lo pueden participar los <strong>atletas de \u00e9lite diagnosticados antes de tener la mayor\u00eda de edad.<\/strong><\/p>\n\n\n\n<p>Para incentivar la participaci\u00f3n, m\u00e1s que la victoria, se puso en marcha el proyecto <strong>Olimpiadas Especiales<\/strong> de <a href=\"https:\/\/www.specialolympics.es\/\">Special Olympics<\/a>, un organismo internacional reconocido por el Comit\u00e9 Ol\u00edmpico Internacional. Las Olimpiadas Especiales se llevan a cabo cada cuatro a\u00f1os, coincidiendo siempre un a\u00f1o antes de los Juegos Ol\u00edmpicos. El objetivo es incorporar a la sociedad a las personas con discapacidad intelectual a trav\u00e9s del deporte.<\/p>\n\n\n\n<p>Adem\u00e1s, desde Special Olympics tambi\u00e9n <strong>apuestan por el deporte unificado<\/strong>. Para ello se sirven de deportes de equipo en los que juntar a atletas con discapacidad intelectual con atletas sin discapacidad. Es, sin duda, la mejor muestra de las posibilidades que ofrece el deporte como herramienta de integraci\u00f3n social.<\/p>\n","protected":false},"excerpt":{"rendered":"<p>Practicar deporte de forma habitual trae consigo beneficios mucho m\u00e1s all\u00e1 de la mejora f\u00edsica, ya que aumenta la autoestima, evita el aislamiento social o reduce la ansiedad y la angustia. Ventajas que lo convierten en la herramienta perfecta para lograr la inclusi\u00f3n de las&#8230;<\/p>\n","protected":false},"author":11,"featured_media":23113,"comment_status":"open","ping_status":"open","sticky":false,"template":"","format":"standard","meta":{"_monsterinsights_skip_tracking":false,"_monsterinsights_sitenote_active":false,"_monsterinsights_sitenote_note":"","_monsterinsights_sitenote_category":0},"categories":[333,117,8],"tags":[127,347,89],"yoast_head":"<!-- This site is optimized with the Yoast SEO plugin v18.0 - https:\/\/yoast.com\/wordpress\/plugins\/seo\/ -->\n<meta name=\"description\" content=\"La actividad f\u00edsica aumenta la autoestima, reduce la ansiedad y evita el aislamiento. Por eso, deporte y discapacidad deber\u00edan ir de la mano.\" \/>\n<meta name=\"robots\" content=\"index, follow, max-snippet:-1, max-image-preview:large, max-video-preview:-1\" \/>\n<link rel=\"canonical\" href=\"https:\/\/www.adcor.org\/deporte-y-discapacidad\/\" \/>\n<meta property=\"og:locale\" content=\"gl_ES\" \/>\n<meta property=\"og:type\" content=\"article\" \/>\n<meta property=\"og:title\" content=\"Deporte y discapacidad, \u00bfcu\u00e1l es su importancia?\" \/>\n<meta property=\"og:description\" content=\"La actividad f\u00edsica aumenta la autoestima, reduce la ansiedad y evita el aislamiento. Por eso, deporte y discapacidad deber\u00edan ir de la mano.\" \/>\n<meta property=\"og:url\" content=\"https:\/\/www.adcor.org\/deporte-y-discapacidad\/\" \/>\n<meta property=\"og:site_name\" content=\"ADCOR\" \/>\n<meta property=\"article:published_time\" content=\"2024-04-24T06:20:25+00:00\" \/>\n<meta property=\"article:modified_time\" content=\"2024-04-24T06:20:29+00:00\" \/>\n<meta property=\"og:image\" content=\"https:\/\/www.adcor.org\/wp-content\/uploads\/Portada-1.jpg\" \/>\n\t<meta property=\"og:image:width\" content=\"1200\" \/>\n\t<meta property=\"og:image:height\" content=\"628\" \/>\n\t<meta property=\"og:image:type\" content=\"image\/jpeg\" \/>\n<meta name=\"twitter:card\" content=\"summary_large_image\" \/>\n<meta name=\"twitter:label1\" content=\"Escrito por\" \/>\n\t<meta name=\"twitter:data1\" content=\"FUNDACI\u00d3N ADCOR\" \/>\n\t<meta name=\"twitter:label2\" content=\"Tempo de lectura\" \/>\n\t<meta name=\"twitter:data2\" content=\"6 minutos\" \/>\n<script type=\"application\/ld+json\" class=\"yoast-schema-graph\">{\"@context\":\"https:\/\/schema.org\",\"@graph\":[{\"@type\":\"WebSite\",\"@id\":\"https:\/\/www.adcor.org\/#website\",\"url\":\"https:\/\/www.adcor.org\/\",\"name\":\"ADCOR\",\"description\":\"Fundaci\u00f3n ADCOR\",\"potentialAction\":[{\"@type\":\"SearchAction\",\"target\":{\"@type\":\"EntryPoint\",\"urlTemplate\":\"https:\/\/www.adcor.org\/?s={search_term_string}\"},\"query-input\":\"required name=search_term_string\"}],\"inLanguage\":\"gl-ES\"},{\"@type\":\"ImageObject\",\"@id\":\"https:\/\/www.adcor.org\/deporte-y-discapacidad\/#primaryimage\",\"inLanguage\":\"gl-ES\",\"url\":\"https:\/\/www.adcor.org\/wp-content\/uploads\/Portada-1.jpg\",\"contentUrl\":\"https:\/\/www.adcor.org\/wp-content\/uploads\/Portada-1.jpg\",\"width\":1200,\"height\":628,\"caption\":\"Deporte y discapacidad intelectual: la importancia de una vida activa\"},{\"@type\":\"WebPage\",\"@id\":\"https:\/\/www.adcor.org\/deporte-y-discapacidad\/#webpage\",\"url\":\"https:\/\/www.adcor.org\/deporte-y-discapacidad\/\",\"name\":\"Deporte y discapacidad, \u00bfcu\u00e1l es su importancia?\",\"isPartOf\":{\"@id\":\"https:\/\/www.adcor.org\/#website\"},\"primaryImageOfPage\":{\"@id\":\"https:\/\/www.adcor.org\/deporte-y-discapacidad\/#primaryimage\"},\"datePublished\":\"2024-04-24T06:20:25+00:00\",\"dateModified\":\"2024-04-24T06:20:29+00:00\",\"author\":{\"@id\":\"https:\/\/www.adcor.org\/#\/schema\/person\/6d3ac136ed8f5fa5ff17d2eb87ef047c\"},\"description\":\"La actividad f\u00edsica aumenta la autoestima, reduce la ansiedad y evita el aislamiento. Por eso, deporte y discapacidad deber\u00edan ir de la mano.\",\"breadcrumb\":{\"@id\":\"https:\/\/www.adcor.org\/deporte-y-discapacidad\/#breadcrumb\"},\"inLanguage\":\"gl-ES\",\"potentialAction\":[{\"@type\":\"ReadAction\",\"target\":[\"https:\/\/www.adcor.org\/deporte-y-discapacidad\/\"]}]},{\"@type\":\"BreadcrumbList\",\"@id\":\"https:\/\/www.adcor.org\/deporte-y-discapacidad\/#breadcrumb\",\"itemListElement\":[{\"@type\":\"ListItem\",\"position\":1,\"name\":\"Portada\",\"item\":\"https:\/\/www.adcor.org\/\"},{\"@type\":\"ListItem\",\"position\":2,\"name\":\"Deporte y discapacidad intelectual: la importancia de una vida activa\"}]},{\"@type\":\"Person\",\"@id\":\"https:\/\/www.adcor.org\/#\/schema\/person\/6d3ac136ed8f5fa5ff17d2eb87ef047c\",\"name\":\"FUNDACI\u00d3N ADCOR\",\"image\":{\"@type\":\"ImageObject\",\"@id\":\"https:\/\/www.adcor.org\/#personlogo\",\"inLanguage\":\"gl-ES\",\"url\":\"https:\/\/secure.gravatar.com\/avatar\/6d27e95386e38ac2eda8eed9b8a37c9c?s=96&d=mm&r=g\",\"contentUrl\":\"https:\/\/secure.gravatar.com\/avatar\/6d27e95386e38ac2eda8eed9b8a37c9c?s=96&d=mm&r=g\",\"caption\":\"FUNDACI\u00d3N ADCOR\"},\"url\":\"https:\/\/www.adcor.org\/gl\/author\/adcor\/\"}]}<\/script>\n<!-- \/ Yoast SEO plugin. -->","yoast_head_json":{"description":"La actividad f\u00edsica aumenta la autoestima, reduce la ansiedad y evita el aislamiento. Por eso, deporte y discapacidad deber\u00edan ir de la mano.","robots":{"index":"index","follow":"follow","max-snippet":"max-snippet:-1","max-image-preview":"max-image-preview:large","max-video-preview":"max-video-preview:-1"},"canonical":"https:\/\/www.adcor.org\/deporte-y-discapacidad\/","og_locale":"gl_ES","og_type":"article","og_title":"Deporte y discapacidad, \u00bfcu\u00e1l es su importancia?","og_description":"La actividad f\u00edsica aumenta la autoestima, reduce la ansiedad y evita el aislamiento. Por eso, deporte y discapacidad deber\u00edan ir de la mano.","og_url":"https:\/\/www.adcor.org\/deporte-y-discapacidad\/","og_site_name":"ADCOR","article_published_time":"2024-04-24T06:20:25+00:00","article_modified_time":"2024-04-24T06:20:29+00:00","og_image":[{"width":1200,"height":628,"url":"https:\/\/www.adcor.org\/wp-content\/uploads\/Portada-1.jpg","type":"image\/jpeg"}],"twitter_card":"summary_large_image","twitter_misc":{"Escrito por":"FUNDACI\u00d3N ADCOR","Tempo de lectura":"6 minutos"},"schema":{"@context":"https:\/\/schema.org","@graph":[{"@type":"WebSite","@id":"https:\/\/www.adcor.org\/#website","url":"https:\/\/www.adcor.org\/","name":"ADCOR","description":"Fundaci\u00f3n ADCOR","potentialAction":[{"@type":"SearchAction","target":{"@type":"EntryPoint","urlTemplate":"https:\/\/www.adcor.org\/?s={search_term_string}"},"query-input":"required name=search_term_string"}],"inLanguage":"gl-ES"},{"@type":"ImageObject","@id":"https:\/\/www.adcor.org\/deporte-y-discapacidad\/#primaryimage","inLanguage":"gl-ES","url":"https:\/\/www.adcor.org\/wp-content\/uploads\/Portada-1.jpg","contentUrl":"https:\/\/www.adcor.org\/wp-content\/uploads\/Portada-1.jpg","width":1200,"height":628,"caption":"Deporte y discapacidad intelectual: la importancia de una vida activa"},{"@type":"WebPage","@id":"https:\/\/www.adcor.org\/deporte-y-discapacidad\/#webpage","url":"https:\/\/www.adcor.org\/deporte-y-discapacidad\/","name":"Deporte y discapacidad, \u00bfcu\u00e1l es su importancia?","isPartOf":{"@id":"https:\/\/www.adcor.org\/#website"},"primaryImageOfPage":{"@id":"https:\/\/www.adcor.org\/deporte-y-discapacidad\/#primaryimage"},"datePublished":"2024-04-24T06:20:25+00:00","dateModified":"2024-04-24T06:20:29+00:00","author":{"@id":"https:\/\/www.adcor.org\/#\/schema\/person\/6d3ac136ed8f5fa5ff17d2eb87ef047c"},"description":"La actividad f\u00edsica aumenta la autoestima, reduce la ansiedad y evita el aislamiento. Por eso, deporte y discapacidad deber\u00edan ir de la mano.","breadcrumb":{"@id":"https:\/\/www.adcor.org\/deporte-y-discapacidad\/#breadcrumb"},"inLanguage":"gl-ES","potentialAction":[{"@type":"ReadAction","target":["https:\/\/www.adcor.org\/deporte-y-discapacidad\/"]}]},{"@type":"BreadcrumbList","@id":"https:\/\/www.adcor.org\/deporte-y-discapacidad\/#breadcrumb","itemListElement":[{"@type":"ListItem","position":1,"name":"Portada","item":"https:\/\/www.adcor.org\/"},{"@type":"ListItem","position":2,"name":"Deporte y discapacidad intelectual: la importancia de una vida activa"}]},{"@type":"Person","@id":"https:\/\/www.adcor.org\/#\/schema\/person\/6d3ac136ed8f5fa5ff17d2eb87ef047c","name":"FUNDACI\u00d3N ADCOR","image":{"@type":"ImageObject","@id":"https:\/\/www.adcor.org\/#personlogo","inLanguage":"gl-ES","url":"https:\/\/secure.gravatar.com\/avatar\/6d27e95386e38ac2eda8eed9b8a37c9c?s=96&d=mm&r=g","contentUrl":"https:\/\/secure.gravatar.com\/avatar\/6d27e95386e38ac2eda8eed9b8a37c9c?s=96&d=mm&r=g","caption":"FUNDACI\u00d3N ADCOR"},"url":"https:\/\/www.adcor.org\/gl\/author\/adcor\/"}]}},"_links":{"self":[{"href":"https:\/\/www.adcor.org\/gl\/wp-json\/wp\/v2\/posts\/23112"}],"collection":[{"href":"https:\/\/www.adcor.org\/gl\/wp-json\/wp\/v2\/posts"}],"about":[{"href":"https:\/\/www.adcor.org\/gl\/wp-json\/wp\/v2\/types\/post"}],"author":[{"embeddable":true,"href":"https:\/\/www.adcor.org\/gl\/wp-json\/wp\/v2\/users\/11"}],"replies":[{"embeddable":true,"href":"https:\/\/www.adcor.org\/gl\/wp-json\/wp\/v2\/comments?post=23112"}],"version-history":[{"count":1,"href":"https:\/\/www.adcor.org\/gl\/wp-json\/wp\/v2\/posts\/23112\/revisions"}],"predecessor-version":[{"id":23118,"href":"https:\/\/www.adcor.org\/gl\/wp-json\/wp\/v2\/posts\/23112\/revisions\/23118"}],"wp:featuredmedia":[{"embeddable":true,"href":"https:\/\/www.adcor.org\/gl\/wp-json\/wp\/v2\/media\/23113"}],"wp:attachment":[{"href":"https:\/\/www.adcor.org\/gl\/wp-json\/wp\/v2\/media?parent=23112"}],"wp:term":[{"taxonomy":"category","embeddable":true,"href":"https:\/\/www.adcor.org\/gl\/wp-json\/wp\/v2\/categories?post=23112"},{"taxonomy":"post_tag","embeddable":true,"href":"https:\/\/www.adcor.org\/gl\/wp-json\/wp\/v2\/tags?post=23112"}],"curies":[{"name":"wp","href":"https:\/\/api.w.org\/{rel}","templated":true}]}}