{"id":23211,"date":"2025-04-23T15:24:43","date_gmt":"2025-04-23T15:24:43","guid":{"rendered":"https:\/\/www.adcor.org\/?p=23211"},"modified":"2025-04-23T15:24:46","modified_gmt":"2025-04-23T15:24:46","slug":"dia-del-libro-lecturas-para-comprender-la-discapacidad-intelectual","status":"publish","type":"post","link":"https:\/\/www.adcor.org\/gl\/dia-del-libro-lecturas-para-comprender-la-discapacidad-intelectual\/","title":{"rendered":"<strong>D\u00eda del libro 2025: 5 lecturas para comprender la discapacidad intelectual a trav\u00e9s de la literatura<\/strong>"},"content":{"rendered":"\n<p>Este 23 de abril, <em>D\u00eda del Libro<\/em>, celebramos el poder transformador de la lectura. Y para ello, queremos recomendarte cinco libros que, desde la literatura, nos acercan a la realidad de las personas con discapacidad intelectual, fomentando la empat\u00eda y la inclusi\u00f3n.<\/p>\n\n\n\n<h2><strong>Flores para Algernon \u2013 Daniel Keyes <\/strong><\/h2>\n\n\n\n<p>Flores para Algernon nos descubre el diario de Charlie, un hombre con discapacidad intelectual que se somete a una cirug\u00eda experimental para aumentar su inteligencia. Su evoluci\u00f3n -y posterior regresi\u00f3n- es un retrato emotivo y desgarrados sobre la dignidad, el amor y la fragilidad del ser humano.<\/p>\n\n\n\n<p>Disponible en:<\/p>\n\n\n\n<p><em><a href=\"https:\/\/www.casadellibro.com\/libro-flores-para-algernon\/9788498891157\/9038279?srsltid=AfmBOoopzSbz8oFYmwwFSEKf95qnfES3l4knUcXcWxDGawRboqV3cWiI\">Casa del libro.<\/a><\/em> <\/p>\n\n\n\n<h2><strong>Mi hermano persigue dinosaurios \u2013 Giacomo Mazzariol<\/strong><\/h2>\n\n\n\n<p>Narrada con humor y ternura, esta historia real cuenta como Giacomo vivi\u00f3 su infancia y adolescencia junto a su hermano Giovanni, que tiene s\u00edndrome de Down. Un libro cercano, luminoso y aut\u00e9ntico que se ha convertido en un fen\u00f3meno editorial en varios pa\u00edses.<\/p>\n\n\n\n<p>Disponible en:<\/p>\n\n\n\n<p><em><a href=\"https:\/\/www.moitoconto.com\/busqueda\/listaLibros.php?tipoBus=full&amp;palabrasBusqueda=mi+hermano+persigue\">Moito Conto<\/a><\/em>. <\/p>\n\n\n\n<h2><strong>El curioso incidente del perro a medianoche \u2013 Mark Haddon<\/strong><\/h2>\n\n\n\n<p>Aunque el autor evita etiquetar al protagonista, Christopher es un adolescente con caracter\u00edsticas del espectro autista. Su forma de ver el mundo, l\u00f3gica y literal, es tan fascinante como reveladora. Una novela imprescindible para lectores de todas las edades.<\/p>\n\n\n\n<p>Disponible en:<\/p>\n\n\n\n<p><em><a href=\"http:\/\/FNAC https:\/\/www.fnac.es\/a147142\/El-curioso-incidente-del-perro-a-medianoche\">FNAC <\/a><\/em><\/p>\n\n\n\n<h2><strong>El alma de las marionetas \u2013 John Gray<\/strong><\/h2>\n\n\n\n<p>Un ensayo literario que explora la representaci\u00f3n de la discapacidad intelectual en la literatura, desde Cervantes hasta nuestros d\u00edas. Ideal para quienes desean profundizar en el tema desde un enfoque m\u00e1s acad\u00e9mico pero po\u00e9tico y comprometido.<\/p>\n\n\n\n<p>Disponible en:<\/p>\n\n\n\n<p><em><a href=\"https:\/\/www.amazon.es\/El-Alma-Las-Marionetas-libertad\/dp\/8416358079\">Amazon.<\/a><\/em><\/p>\n\n\n\n<figure class=\"wp-block-image size-large\"><img decoding=\"async\" width=\"1024\" height=\"683\" src=\"https:\/\/www.adcor.org\/wp-content\/uploads\/portadas-libros-discapacidad-intelectual-1024x683.jpg\" alt=\"\" class=\"wp-image-23213\" srcset=\"https:\/\/www.adcor.org\/wp-content\/uploads\/portadas-libros-discapacidad-intelectual-1024x683.jpg 1024w, https:\/\/www.adcor.org\/wp-content\/uploads\/portadas-libros-discapacidad-intelectual-300x200.jpg 300w, https:\/\/www.adcor.org\/wp-content\/uploads\/portadas-libros-discapacidad-intelectual-700x467.jpg 700w, https:\/\/www.adcor.org\/wp-content\/uploads\/portadas-libros-discapacidad-intelectual.jpg 1200w\" sizes=\"(max-width: 1024px) 100vw, 1024px\" \/><\/figure>\n\n\n\n<h2><strong>Mar\u00eda y yo \u2013 Mar\u00eda Gallardo y Miguel Gallardo<\/strong><\/h2>\n\n\n\n<p>&#8220;Mar\u00eda y yo&#8221; es una obra realmente especial. No solo por abordar un tema tan importante como el autismo, sino tambi\u00e9n por la manera delicada, sensible y divertida con la que Miguel Gallardo comparte su hermosa relaci\u00f3n con su hija, Mar\u00eda. Es una historia que nos sorprende y emociona, y que adem\u00e1s marca un gran avance en la carrera del autor catal\u00e1n. De hecho, esta obra le vali\u00f3 el Premio Nacional de C\u00f3mic de Catalu\u00f1a en 2008.<\/p>\n\n\n\n<p>Disponible en:<\/p>\n\n\n\n<p><a href=\"https:\/\/www.elcorteingles.es\/libros\/A4471879-maria-y-yo-tapa-dura\/?gad_source=1&amp;gad_campaignid=19973635867&amp;gbraid=0AAAAADeqBS2T0eC4poYDvD3fvmOVJhPF5&amp;gclid=CjwKCAjwn6LABhBSEiwAsNJrjkmSOwY1gOvIIonBHCen9Yye_PMZT_QlOZcDMMLERZ-y2b171YlTexoCydEQAvD_BwE&amp;gclsrc=aw.ds\">El Corte Ingl\u00e9s<\/a><\/p>\n\n\n\n<p><strong>\u00bfPrefieres leer en formato digital o consultar en bibliotecas?<\/strong><\/p>\n\n\n\n<p>Si vives en A Coru\u00f1a, puedes buscar estos t\u00edtulos a trav\u00e9s de las siguientes bibliotecas:<\/p>\n\n\n\n<ul>\n<li><em><a href=\"https:\/\/coruna.es\/opacnet\/OEsz4sKt9F6pBYEqmE2Z4kTB5BY?ACC=101\">Bibliotecas Municipales de A Coru\u00f1a<\/a><\/em><\/li>\n\n\n\n<li><em><a href=\"https:\/\/www.coruna.gal\/bibliotecas\/es\/coleccion\/digital\/lectura-digital\/plataformas-de-prestamo-de-libros-electronicos\/ebibliodacoruna?argIdioma=es\">eBibliodaCoru\u00f1a<\/a><\/em><\/li>\n<\/ul>\n\n\n\n<p>Ambas plataformas ofrecen pr\u00e9stamos de libros electr\u00f3nicos y acceso a colecciones f\u00edsicas. Consulta la disponibilidad y reserva tu ejemplar para disfrutar de estas lecturas que enriquecen nuestra comprensi\u00f3n y empat\u00eda hacia los dem\u00e1s.<\/p>\n\n\n\n<p>Este d\u00eda del libro, te animamos a explorar estas y otras obras que, a trav\u00e9s de la literatura, nos invitan a reflexionar sobre la discapacidad intelectual. Porque leer tambi\u00e9n es una forma de incluir.<\/p>\n","protected":false},"excerpt":{"rendered":"<p>Este 23 de abril, D\u00eda del Libro, celebramos el poder transformador de la lectura. Y para ello, queremos recomendarte cinco libros que, desde la literatura, nos acercan a la realidad de las personas con discapacidad intelectual, fomentando la empat\u00eda y la inclusi\u00f3n. Flores para Algernon&#8230;<\/p>\n","protected":false},"author":11,"featured_media":23215,"comment_status":"open","ping_status":"open","sticky":false,"template":"","format":"standard","meta":{"_monsterinsights_skip_tracking":false,"_monsterinsights_sitenote_active":false,"_monsterinsights_sitenote_note":"","_monsterinsights_sitenote_category":0},"categories":[1],"tags":[338,370,89,211,371],"yoast_head":"<!-- This site is optimized with the Yoast SEO plugin v18.0 - https:\/\/yoast.com\/wordpress\/plugins\/seo\/ -->\n<meta name=\"description\" content=\"Te recomendamos 5 libros que fomentan la empat\u00eda y con los que acercarte a la realidad de las personas con discapacidad intelectual .\" \/>\n<meta name=\"robots\" content=\"index, follow, max-snippet:-1, max-image-preview:large, max-video-preview:-1\" \/>\n<link rel=\"canonical\" href=\"https:\/\/www.adcor.org\/dia-del-libro-lecturas-para-comprender-la-discapacidad-intelectual\/\" \/>\n<meta property=\"og:locale\" content=\"gl_ES\" \/>\n<meta property=\"og:type\" content=\"article\" \/>\n<meta property=\"og:title\" content=\"D\u00eda del libro 2025: 5 lecturas para comprender la discapacidad intelectual a trav\u00e9s de la literatura - ADCOR\" \/>\n<meta property=\"og:description\" content=\"Te recomendamos 5 libros que fomentan la empat\u00eda y con los que acercarte a la realidad de las personas con discapacidad intelectual .\" \/>\n<meta property=\"og:url\" content=\"https:\/\/www.adcor.org\/dia-del-libro-lecturas-para-comprender-la-discapacidad-intelectual\/\" \/>\n<meta property=\"og:site_name\" content=\"ADCOR\" \/>\n<meta property=\"article:published_time\" content=\"2025-04-23T15:24:43+00:00\" \/>\n<meta property=\"article:modified_time\" content=\"2025-04-23T15:24:46+00:00\" \/>\n<meta property=\"og:image\" content=\"https:\/\/www.adcor.org\/wp-content\/uploads\/dia-del-libro-2025.jpg\" \/>\n\t<meta property=\"og:image:width\" content=\"1200\" \/>\n\t<meta property=\"og:image:height\" content=\"800\" \/>\n\t<meta property=\"og:image:type\" content=\"image\/jpeg\" \/>\n<meta name=\"twitter:card\" content=\"summary_large_image\" \/>\n<meta name=\"twitter:label1\" content=\"Escrito por\" \/>\n\t<meta name=\"twitter:data1\" content=\"FUNDACI\u00d3N ADCOR\" \/>\n\t<meta name=\"twitter:label2\" content=\"Tempo de lectura\" \/>\n\t<meta name=\"twitter:data2\" content=\"3 minutos\" \/>\n<script type=\"application\/ld+json\" class=\"yoast-schema-graph\">{\"@context\":\"https:\/\/schema.org\",\"@graph\":[{\"@type\":\"WebSite\",\"@id\":\"https:\/\/www.adcor.org\/#website\",\"url\":\"https:\/\/www.adcor.org\/\",\"name\":\"ADCOR\",\"description\":\"Fundaci\u00f3n ADCOR\",\"potentialAction\":[{\"@type\":\"SearchAction\",\"target\":{\"@type\":\"EntryPoint\",\"urlTemplate\":\"https:\/\/www.adcor.org\/?s={search_term_string}\"},\"query-input\":\"required name=search_term_string\"}],\"inLanguage\":\"gl-ES\"},{\"@type\":\"ImageObject\",\"@id\":\"https:\/\/www.adcor.org\/dia-del-libro-lecturas-para-comprender-la-discapacidad-intelectual\/#primaryimage\",\"inLanguage\":\"gl-ES\",\"url\":\"https:\/\/www.adcor.org\/wp-content\/uploads\/dia-del-libro-2025.jpg\",\"contentUrl\":\"https:\/\/www.adcor.org\/wp-content\/uploads\/dia-del-libro-2025.jpg\",\"width\":1200,\"height\":800,\"caption\":\"fila de libros sobre un fondo gris en el que aparece el texto \\\"d\u00eda del libro 2025\\\"\"},{\"@type\":\"WebPage\",\"@id\":\"https:\/\/www.adcor.org\/dia-del-libro-lecturas-para-comprender-la-discapacidad-intelectual\/#webpage\",\"url\":\"https:\/\/www.adcor.org\/dia-del-libro-lecturas-para-comprender-la-discapacidad-intelectual\/\",\"name\":\"D\u00eda del libro 2025: 5 lecturas para comprender la discapacidad intelectual a trav\u00e9s de la literatura - ADCOR\",\"isPartOf\":{\"@id\":\"https:\/\/www.adcor.org\/#website\"},\"primaryImageOfPage\":{\"@id\":\"https:\/\/www.adcor.org\/dia-del-libro-lecturas-para-comprender-la-discapacidad-intelectual\/#primaryimage\"},\"datePublished\":\"2025-04-23T15:24:43+00:00\",\"dateModified\":\"2025-04-23T15:24:46+00:00\",\"author\":{\"@id\":\"https:\/\/www.adcor.org\/#\/schema\/person\/6d3ac136ed8f5fa5ff17d2eb87ef047c\"},\"description\":\"Te recomendamos 5 libros que fomentan la empat\u00eda y con los que acercarte a la realidad de las personas con discapacidad intelectual .\",\"breadcrumb\":{\"@id\":\"https:\/\/www.adcor.org\/dia-del-libro-lecturas-para-comprender-la-discapacidad-intelectual\/#breadcrumb\"},\"inLanguage\":\"gl-ES\",\"potentialAction\":[{\"@type\":\"ReadAction\",\"target\":[\"https:\/\/www.adcor.org\/dia-del-libro-lecturas-para-comprender-la-discapacidad-intelectual\/\"]}]},{\"@type\":\"BreadcrumbList\",\"@id\":\"https:\/\/www.adcor.org\/dia-del-libro-lecturas-para-comprender-la-discapacidad-intelectual\/#breadcrumb\",\"itemListElement\":[{\"@type\":\"ListItem\",\"position\":1,\"name\":\"Portada\",\"item\":\"https:\/\/www.adcor.org\/\"},{\"@type\":\"ListItem\",\"position\":2,\"name\":\"D\u00eda del libro 2025: 5 lecturas para comprender la discapacidad intelectual a trav\u00e9s de la literatura\"}]},{\"@type\":\"Person\",\"@id\":\"https:\/\/www.adcor.org\/#\/schema\/person\/6d3ac136ed8f5fa5ff17d2eb87ef047c\",\"name\":\"FUNDACI\u00d3N ADCOR\",\"image\":{\"@type\":\"ImageObject\",\"@id\":\"https:\/\/www.adcor.org\/#personlogo\",\"inLanguage\":\"gl-ES\",\"url\":\"https:\/\/secure.gravatar.com\/avatar\/6d27e95386e38ac2eda8eed9b8a37c9c?s=96&d=mm&r=g\",\"contentUrl\":\"https:\/\/secure.gravatar.com\/avatar\/6d27e95386e38ac2eda8eed9b8a37c9c?s=96&d=mm&r=g\",\"caption\":\"FUNDACI\u00d3N ADCOR\"},\"url\":\"https:\/\/www.adcor.org\/gl\/author\/adcor\/\"}]}<\/script>\n<!-- \/ Yoast SEO plugin. -->","yoast_head_json":{"description":"Te recomendamos 5 libros que fomentan la empat\u00eda y con los que acercarte a la realidad de las personas con discapacidad intelectual .","robots":{"index":"index","follow":"follow","max-snippet":"max-snippet:-1","max-image-preview":"max-image-preview:large","max-video-preview":"max-video-preview:-1"},"canonical":"https:\/\/www.adcor.org\/dia-del-libro-lecturas-para-comprender-la-discapacidad-intelectual\/","og_locale":"gl_ES","og_type":"article","og_title":"D\u00eda del libro 2025: 5 lecturas para comprender la discapacidad intelectual a trav\u00e9s de la literatura - ADCOR","og_description":"Te recomendamos 5 libros que fomentan la empat\u00eda y con los que acercarte a la realidad de las personas con discapacidad intelectual .","og_url":"https:\/\/www.adcor.org\/dia-del-libro-lecturas-para-comprender-la-discapacidad-intelectual\/","og_site_name":"ADCOR","article_published_time":"2025-04-23T15:24:43+00:00","article_modified_time":"2025-04-23T15:24:46+00:00","og_image":[{"width":1200,"height":800,"url":"https:\/\/www.adcor.org\/wp-content\/uploads\/dia-del-libro-2025.jpg","type":"image\/jpeg"}],"twitter_card":"summary_large_image","twitter_misc":{"Escrito por":"FUNDACI\u00d3N ADCOR","Tempo de lectura":"3 minutos"},"schema":{"@context":"https:\/\/schema.org","@graph":[{"@type":"WebSite","@id":"https:\/\/www.adcor.org\/#website","url":"https:\/\/www.adcor.org\/","name":"ADCOR","description":"Fundaci\u00f3n ADCOR","potentialAction":[{"@type":"SearchAction","target":{"@type":"EntryPoint","urlTemplate":"https:\/\/www.adcor.org\/?s={search_term_string}"},"query-input":"required name=search_term_string"}],"inLanguage":"gl-ES"},{"@type":"ImageObject","@id":"https:\/\/www.adcor.org\/dia-del-libro-lecturas-para-comprender-la-discapacidad-intelectual\/#primaryimage","inLanguage":"gl-ES","url":"https:\/\/www.adcor.org\/wp-content\/uploads\/dia-del-libro-2025.jpg","contentUrl":"https:\/\/www.adcor.org\/wp-content\/uploads\/dia-del-libro-2025.jpg","width":1200,"height":800,"caption":"fila de libros sobre un fondo gris en el que aparece el texto \"d\u00eda del libro 2025\""},{"@type":"WebPage","@id":"https:\/\/www.adcor.org\/dia-del-libro-lecturas-para-comprender-la-discapacidad-intelectual\/#webpage","url":"https:\/\/www.adcor.org\/dia-del-libro-lecturas-para-comprender-la-discapacidad-intelectual\/","name":"D\u00eda del libro 2025: 5 lecturas para comprender la discapacidad intelectual a trav\u00e9s de la literatura - ADCOR","isPartOf":{"@id":"https:\/\/www.adcor.org\/#website"},"primaryImageOfPage":{"@id":"https:\/\/www.adcor.org\/dia-del-libro-lecturas-para-comprender-la-discapacidad-intelectual\/#primaryimage"},"datePublished":"2025-04-23T15:24:43+00:00","dateModified":"2025-04-23T15:24:46+00:00","author":{"@id":"https:\/\/www.adcor.org\/#\/schema\/person\/6d3ac136ed8f5fa5ff17d2eb87ef047c"},"description":"Te recomendamos 5 libros que fomentan la empat\u00eda y con los que acercarte a la realidad de las personas con discapacidad intelectual .","breadcrumb":{"@id":"https:\/\/www.adcor.org\/dia-del-libro-lecturas-para-comprender-la-discapacidad-intelectual\/#breadcrumb"},"inLanguage":"gl-ES","potentialAction":[{"@type":"ReadAction","target":["https:\/\/www.adcor.org\/dia-del-libro-lecturas-para-comprender-la-discapacidad-intelectual\/"]}]},{"@type":"BreadcrumbList","@id":"https:\/\/www.adcor.org\/dia-del-libro-lecturas-para-comprender-la-discapacidad-intelectual\/#breadcrumb","itemListElement":[{"@type":"ListItem","position":1,"name":"Portada","item":"https:\/\/www.adcor.org\/"},{"@type":"ListItem","position":2,"name":"D\u00eda del libro 2025: 5 lecturas para comprender la discapacidad intelectual a trav\u00e9s de la literatura"}]},{"@type":"Person","@id":"https:\/\/www.adcor.org\/#\/schema\/person\/6d3ac136ed8f5fa5ff17d2eb87ef047c","name":"FUNDACI\u00d3N ADCOR","image":{"@type":"ImageObject","@id":"https:\/\/www.adcor.org\/#personlogo","inLanguage":"gl-ES","url":"https:\/\/secure.gravatar.com\/avatar\/6d27e95386e38ac2eda8eed9b8a37c9c?s=96&d=mm&r=g","contentUrl":"https:\/\/secure.gravatar.com\/avatar\/6d27e95386e38ac2eda8eed9b8a37c9c?s=96&d=mm&r=g","caption":"FUNDACI\u00d3N ADCOR"},"url":"https:\/\/www.adcor.org\/gl\/author\/adcor\/"}]}},"_links":{"self":[{"href":"https:\/\/www.adcor.org\/gl\/wp-json\/wp\/v2\/posts\/23211"}],"collection":[{"href":"https:\/\/www.adcor.org\/gl\/wp-json\/wp\/v2\/posts"}],"about":[{"href":"https:\/\/www.adcor.org\/gl\/wp-json\/wp\/v2\/types\/post"}],"author":[{"embeddable":true,"href":"https:\/\/www.adcor.org\/gl\/wp-json\/wp\/v2\/users\/11"}],"replies":[{"embeddable":true,"href":"https:\/\/www.adcor.org\/gl\/wp-json\/wp\/v2\/comments?post=23211"}],"version-history":[{"count":2,"href":"https:\/\/www.adcor.org\/gl\/wp-json\/wp\/v2\/posts\/23211\/revisions"}],"predecessor-version":[{"id":23214,"href":"https:\/\/www.adcor.org\/gl\/wp-json\/wp\/v2\/posts\/23211\/revisions\/23214"}],"wp:featuredmedia":[{"embeddable":true,"href":"https:\/\/www.adcor.org\/gl\/wp-json\/wp\/v2\/media\/23215"}],"wp:attachment":[{"href":"https:\/\/www.adcor.org\/gl\/wp-json\/wp\/v2\/media?parent=23211"}],"wp:term":[{"taxonomy":"category","embeddable":true,"href":"https:\/\/www.adcor.org\/gl\/wp-json\/wp\/v2\/categories?post=23211"},{"taxonomy":"post_tag","embeddable":true,"href":"https:\/\/www.adcor.org\/gl\/wp-json\/wp\/v2\/tags?post=23211"}],"curies":[{"name":"wp","href":"https:\/\/api.w.org\/{rel}","templated":true}]}}