{"id":23225,"date":"2025-05-14T16:00:18","date_gmt":"2025-05-14T16:00:18","guid":{"rendered":"https:\/\/www.adcor.org\/?p=23225"},"modified":"2025-05-14T16:00:21","modified_gmt":"2025-05-14T16:00:21","slug":"programa-autonomia-transporte-publico","status":"publish","type":"post","link":"https:\/\/www.adcor.org\/gl\/programa-autonomia-transporte-publico\/","title":{"rendered":"ADCOR y Tranv\u00edas Promueven la Autonom\u00eda en el Transporte P\u00fablico."},"content":{"rendered":"\n<p>La Fundaci\u00f3n <a href=\"http:\/\/www.adcor.org\">ADCOR<\/a> y la <a href=\"https:\/\/tranviascoruna.com\/\" target=\"_blank\" rel=\"noreferrer noopener\">Compa\u00f1\u00eda de Tranv\u00edas<\/a> se han unido para promover la autonom\u00eda de las personas con discapacidad en el uso del transporte p\u00fablico, a trav\u00e9s de un programa llamado \u201c<em>M\u00f3vete<\/em>\u201d.<\/p>\n\n\n\n<p>Este programa, que nace de un acuerdo entre Ignacio Prada, director de la Compa\u00f1\u00eda de Tranv\u00edas, y Rebecca S. Ramanathan, vicepresidenta del Patronato de ADCOR, est\u00e1 dise\u00f1ado para ayudar a las personas adultas con discapacidad intelectual a usar el transporte p\u00fablico de manera segura y aut\u00f3noma. La idea es ofrecerles las herramientas y apoyos necesarios para que puedan desplazarse por la ciudad, participar en la vida comunitaria y vivir de forma m\u00e1s independiente, rompiendo barreras y limitaciones.<\/p>\n\n\n\n<figure class=\"wp-block-image size-large\"><img decoding=\"async\" width=\"1024\" height=\"683\" src=\"https:\/\/www.adcor.org\/wp-content\/uploads\/firma-acuerdo-programa-movete-tranvias-adcor-1024x683.jpg\" alt=\"\" class=\"wp-image-23226\" srcset=\"https:\/\/www.adcor.org\/wp-content\/uploads\/firma-acuerdo-programa-movete-tranvias-adcor-1024x683.jpg 1024w, https:\/\/www.adcor.org\/wp-content\/uploads\/firma-acuerdo-programa-movete-tranvias-adcor-300x200.jpg 300w, https:\/\/www.adcor.org\/wp-content\/uploads\/firma-acuerdo-programa-movete-tranvias-adcor-700x467.jpg 700w, https:\/\/www.adcor.org\/wp-content\/uploads\/firma-acuerdo-programa-movete-tranvias-adcor.jpg 1200w\" sizes=\"(max-width: 1024px) 100vw, 1024px\" \/><\/figure>\n\n\n\n<h2>Fases del Programa.<\/h2>\n\n\n\n<p>El programa \u201c<em>M\u00f3vete<\/em>\u201d se desarrolla en cuatro fases:<\/p>\n\n\n\n<ul>\n<li>\u00a0La primera, de <strong>planificaci\u00f3n<\/strong>, consiste en identificar los trayectos, paradas, horarios y apoyos visuales o escritos que puedan facilitar el viaje. Tambi\u00e9n se trabaja en el pago con diferentes m\u00e9todos y en c\u00f3mo afrontar posibles imprevistos.<\/li>\n\n\n\n<li>La segunda fase es el <strong>entrenamiento<\/strong> en contexto, donde profesionales acompa\u00f1an a las personas desde su casa hasta su destino, ayud\u00e1ndolas a reconocer puntos de referencia importantes.<\/li>\n\n\n\n<li>La tercera fase, llamada de <strong>andamiaje<\/strong>, implica un acompa\u00f1amiento m\u00e1s discreto, en el que la persona indica los pasos que va dando, fomentando su autonom\u00eda.<\/li>\n\n\n\n<li>Finalmente, en la cuarta fase, <strong>se retiran los apoyos <\/strong>seg\u00fan la evoluci\u00f3n de cada usuario, permitiendo que la persona viaje de manera independiente.<\/li>\n<\/ul>\n\n\n\n<p>Este esfuerzo conjunto refleja el compromiso de la Compa\u00f1\u00eda de Tranv\u00edas y de nuestra Fundaci\u00f3n, con la responsabilidad social y la accesibilidad universal. Adem\u00e1s, busca sensibilizar a la comunidad sobre la importancia de la inclusi\u00f3n y el valor de apoyar a quienes m\u00e1s lo necesitan.<\/p>\n\n\n\n<p>En definitiva, iniciativas como \u201c<em>M\u00f3vete<\/em>\u201d no solo facilitan la movilidad, sino que tambi\u00e9n abren puertas a nuevas oportunidades y fomentan una sociedad m\u00e1s inclusiva y solidaria.<\/p>\n","protected":false},"excerpt":{"rendered":"<p>La Fundaci\u00f3n ADCOR y la Compa\u00f1\u00eda de Tranv\u00edas se han unido para promover la autonom\u00eda de las personas con discapacidad en el uso del transporte p\u00fablico, a trav\u00e9s de un programa llamado \u201cM\u00f3vete\u201d. Este programa, que nace de un acuerdo entre Ignacio Prada, director de&#8230;<\/p>\n","protected":false},"author":11,"featured_media":23227,"comment_status":"open","ping_status":"open","sticky":false,"template":"","format":"standard","meta":{"_monsterinsights_skip_tracking":false,"_monsterinsights_sitenote_active":false,"_monsterinsights_sitenote_note":"","_monsterinsights_sitenote_category":0},"categories":[1],"tags":[105,374,88,89,372,373],"yoast_head":"<!-- This site is optimized with the Yoast SEO plugin v18.0 - https:\/\/yoast.com\/wordpress\/plugins\/seo\/ -->\n<meta name=\"description\" content=\"Fundaci\u00f3n ADCOR y La Compa\u00f1\u00eda de Tranv\u00edas promueven la autonom\u00eda de las personas con discapacidad en el uso del transporte p\u00fablico.\" \/>\n<meta name=\"robots\" content=\"index, follow, max-snippet:-1, max-image-preview:large, max-video-preview:-1\" \/>\n<link rel=\"canonical\" href=\"https:\/\/www.adcor.org\/programa-autonomia-transporte-publico\/\" \/>\n<meta property=\"og:locale\" content=\"gl_ES\" \/>\n<meta property=\"og:type\" content=\"article\" \/>\n<meta property=\"og:title\" content=\"ADCOR y Tranv\u00edas Promueven la Autonom\u00eda en el Transporte P\u00fablico. - ADCOR\" \/>\n<meta property=\"og:description\" content=\"Fundaci\u00f3n ADCOR y La Compa\u00f1\u00eda de Tranv\u00edas promueven la autonom\u00eda de las personas con discapacidad en el uso del transporte p\u00fablico.\" \/>\n<meta property=\"og:url\" content=\"https:\/\/www.adcor.org\/programa-autonomia-transporte-publico\/\" \/>\n<meta property=\"og:site_name\" content=\"ADCOR\" \/>\n<meta property=\"article:published_time\" content=\"2025-05-14T16:00:18+00:00\" \/>\n<meta property=\"article:modified_time\" content=\"2025-05-14T16:00:21+00:00\" \/>\n<meta property=\"og:image\" content=\"https:\/\/www.adcor.org\/wp-content\/uploads\/adcor-tranvias-promueven-autonomia-transporte-publico.jpg\" \/>\n\t<meta property=\"og:image:width\" content=\"1200\" \/>\n\t<meta property=\"og:image:height\" content=\"800\" \/>\n\t<meta property=\"og:image:type\" content=\"image\/jpeg\" \/>\n<meta name=\"twitter:card\" content=\"summary_large_image\" \/>\n<meta name=\"twitter:label1\" content=\"Escrito por\" \/>\n\t<meta name=\"twitter:data1\" content=\"FUNDACI\u00d3N ADCOR\" \/>\n\t<meta name=\"twitter:label2\" content=\"Tempo de lectura\" \/>\n\t<meta name=\"twitter:data2\" content=\"2 minutos\" \/>\n<script type=\"application\/ld+json\" class=\"yoast-schema-graph\">{\"@context\":\"https:\/\/schema.org\",\"@graph\":[{\"@type\":\"WebSite\",\"@id\":\"https:\/\/www.adcor.org\/#website\",\"url\":\"https:\/\/www.adcor.org\/\",\"name\":\"ADCOR\",\"description\":\"Fundaci\u00f3n ADCOR\",\"potentialAction\":[{\"@type\":\"SearchAction\",\"target\":{\"@type\":\"EntryPoint\",\"urlTemplate\":\"https:\/\/www.adcor.org\/?s={search_term_string}\"},\"query-input\":\"required name=search_term_string\"}],\"inLanguage\":\"gl-ES\"},{\"@type\":\"ImageObject\",\"@id\":\"https:\/\/www.adcor.org\/programa-autonomia-transporte-publico\/#primaryimage\",\"inLanguage\":\"gl-ES\",\"url\":\"https:\/\/www.adcor.org\/wp-content\/uploads\/adcor-tranvias-promueven-autonomia-transporte-publico.jpg\",\"contentUrl\":\"https:\/\/www.adcor.org\/wp-content\/uploads\/adcor-tranvias-promueven-autonomia-transporte-publico.jpg\",\"width\":1200,\"height\":800},{\"@type\":\"WebPage\",\"@id\":\"https:\/\/www.adcor.org\/programa-autonomia-transporte-publico\/#webpage\",\"url\":\"https:\/\/www.adcor.org\/programa-autonomia-transporte-publico\/\",\"name\":\"ADCOR y Tranv\u00edas Promueven la Autonom\u00eda en el Transporte P\u00fablico. - ADCOR\",\"isPartOf\":{\"@id\":\"https:\/\/www.adcor.org\/#website\"},\"primaryImageOfPage\":{\"@id\":\"https:\/\/www.adcor.org\/programa-autonomia-transporte-publico\/#primaryimage\"},\"datePublished\":\"2025-05-14T16:00:18+00:00\",\"dateModified\":\"2025-05-14T16:00:21+00:00\",\"author\":{\"@id\":\"https:\/\/www.adcor.org\/#\/schema\/person\/6d3ac136ed8f5fa5ff17d2eb87ef047c\"},\"description\":\"Fundaci\u00f3n ADCOR y La Compa\u00f1\u00eda de Tranv\u00edas promueven la autonom\u00eda de las personas con discapacidad en el uso del transporte p\u00fablico.\",\"breadcrumb\":{\"@id\":\"https:\/\/www.adcor.org\/programa-autonomia-transporte-publico\/#breadcrumb\"},\"inLanguage\":\"gl-ES\",\"potentialAction\":[{\"@type\":\"ReadAction\",\"target\":[\"https:\/\/www.adcor.org\/programa-autonomia-transporte-publico\/\"]}]},{\"@type\":\"BreadcrumbList\",\"@id\":\"https:\/\/www.adcor.org\/programa-autonomia-transporte-publico\/#breadcrumb\",\"itemListElement\":[{\"@type\":\"ListItem\",\"position\":1,\"name\":\"Portada\",\"item\":\"https:\/\/www.adcor.org\/\"},{\"@type\":\"ListItem\",\"position\":2,\"name\":\"ADCOR y Tranv\u00edas Promueven la Autonom\u00eda en el Transporte P\u00fablico.\"}]},{\"@type\":\"Person\",\"@id\":\"https:\/\/www.adcor.org\/#\/schema\/person\/6d3ac136ed8f5fa5ff17d2eb87ef047c\",\"name\":\"FUNDACI\u00d3N ADCOR\",\"image\":{\"@type\":\"ImageObject\",\"@id\":\"https:\/\/www.adcor.org\/#personlogo\",\"inLanguage\":\"gl-ES\",\"url\":\"https:\/\/secure.gravatar.com\/avatar\/6d27e95386e38ac2eda8eed9b8a37c9c?s=96&d=mm&r=g\",\"contentUrl\":\"https:\/\/secure.gravatar.com\/avatar\/6d27e95386e38ac2eda8eed9b8a37c9c?s=96&d=mm&r=g\",\"caption\":\"FUNDACI\u00d3N ADCOR\"},\"url\":\"https:\/\/www.adcor.org\/gl\/author\/adcor\/\"}]}<\/script>\n<!-- \/ Yoast SEO plugin. -->","yoast_head_json":{"description":"Fundaci\u00f3n ADCOR y La Compa\u00f1\u00eda de Tranv\u00edas promueven la autonom\u00eda de las personas con discapacidad en el uso del transporte p\u00fablico.","robots":{"index":"index","follow":"follow","max-snippet":"max-snippet:-1","max-image-preview":"max-image-preview:large","max-video-preview":"max-video-preview:-1"},"canonical":"https:\/\/www.adcor.org\/programa-autonomia-transporte-publico\/","og_locale":"gl_ES","og_type":"article","og_title":"ADCOR y Tranv\u00edas Promueven la Autonom\u00eda en el Transporte P\u00fablico. - ADCOR","og_description":"Fundaci\u00f3n ADCOR y La Compa\u00f1\u00eda de Tranv\u00edas promueven la autonom\u00eda de las personas con discapacidad en el uso del transporte p\u00fablico.","og_url":"https:\/\/www.adcor.org\/programa-autonomia-transporte-publico\/","og_site_name":"ADCOR","article_published_time":"2025-05-14T16:00:18+00:00","article_modified_time":"2025-05-14T16:00:21+00:00","og_image":[{"width":1200,"height":800,"url":"https:\/\/www.adcor.org\/wp-content\/uploads\/adcor-tranvias-promueven-autonomia-transporte-publico.jpg","type":"image\/jpeg"}],"twitter_card":"summary_large_image","twitter_misc":{"Escrito por":"FUNDACI\u00d3N ADCOR","Tempo de lectura":"2 minutos"},"schema":{"@context":"https:\/\/schema.org","@graph":[{"@type":"WebSite","@id":"https:\/\/www.adcor.org\/#website","url":"https:\/\/www.adcor.org\/","name":"ADCOR","description":"Fundaci\u00f3n ADCOR","potentialAction":[{"@type":"SearchAction","target":{"@type":"EntryPoint","urlTemplate":"https:\/\/www.adcor.org\/?s={search_term_string}"},"query-input":"required name=search_term_string"}],"inLanguage":"gl-ES"},{"@type":"ImageObject","@id":"https:\/\/www.adcor.org\/programa-autonomia-transporte-publico\/#primaryimage","inLanguage":"gl-ES","url":"https:\/\/www.adcor.org\/wp-content\/uploads\/adcor-tranvias-promueven-autonomia-transporte-publico.jpg","contentUrl":"https:\/\/www.adcor.org\/wp-content\/uploads\/adcor-tranvias-promueven-autonomia-transporte-publico.jpg","width":1200,"height":800},{"@type":"WebPage","@id":"https:\/\/www.adcor.org\/programa-autonomia-transporte-publico\/#webpage","url":"https:\/\/www.adcor.org\/programa-autonomia-transporte-publico\/","name":"ADCOR y Tranv\u00edas Promueven la Autonom\u00eda en el Transporte P\u00fablico. - ADCOR","isPartOf":{"@id":"https:\/\/www.adcor.org\/#website"},"primaryImageOfPage":{"@id":"https:\/\/www.adcor.org\/programa-autonomia-transporte-publico\/#primaryimage"},"datePublished":"2025-05-14T16:00:18+00:00","dateModified":"2025-05-14T16:00:21+00:00","author":{"@id":"https:\/\/www.adcor.org\/#\/schema\/person\/6d3ac136ed8f5fa5ff17d2eb87ef047c"},"description":"Fundaci\u00f3n ADCOR y La Compa\u00f1\u00eda de Tranv\u00edas promueven la autonom\u00eda de las personas con discapacidad en el uso del transporte p\u00fablico.","breadcrumb":{"@id":"https:\/\/www.adcor.org\/programa-autonomia-transporte-publico\/#breadcrumb"},"inLanguage":"gl-ES","potentialAction":[{"@type":"ReadAction","target":["https:\/\/www.adcor.org\/programa-autonomia-transporte-publico\/"]}]},{"@type":"BreadcrumbList","@id":"https:\/\/www.adcor.org\/programa-autonomia-transporte-publico\/#breadcrumb","itemListElement":[{"@type":"ListItem","position":1,"name":"Portada","item":"https:\/\/www.adcor.org\/"},{"@type":"ListItem","position":2,"name":"ADCOR y Tranv\u00edas Promueven la Autonom\u00eda en el Transporte P\u00fablico."}]},{"@type":"Person","@id":"https:\/\/www.adcor.org\/#\/schema\/person\/6d3ac136ed8f5fa5ff17d2eb87ef047c","name":"FUNDACI\u00d3N ADCOR","image":{"@type":"ImageObject","@id":"https:\/\/www.adcor.org\/#personlogo","inLanguage":"gl-ES","url":"https:\/\/secure.gravatar.com\/avatar\/6d27e95386e38ac2eda8eed9b8a37c9c?s=96&d=mm&r=g","contentUrl":"https:\/\/secure.gravatar.com\/avatar\/6d27e95386e38ac2eda8eed9b8a37c9c?s=96&d=mm&r=g","caption":"FUNDACI\u00d3N ADCOR"},"url":"https:\/\/www.adcor.org\/gl\/author\/adcor\/"}]}},"_links":{"self":[{"href":"https:\/\/www.adcor.org\/gl\/wp-json\/wp\/v2\/posts\/23225"}],"collection":[{"href":"https:\/\/www.adcor.org\/gl\/wp-json\/wp\/v2\/posts"}],"about":[{"href":"https:\/\/www.adcor.org\/gl\/wp-json\/wp\/v2\/types\/post"}],"author":[{"embeddable":true,"href":"https:\/\/www.adcor.org\/gl\/wp-json\/wp\/v2\/users\/11"}],"replies":[{"embeddable":true,"href":"https:\/\/www.adcor.org\/gl\/wp-json\/wp\/v2\/comments?post=23225"}],"version-history":[{"count":1,"href":"https:\/\/www.adcor.org\/gl\/wp-json\/wp\/v2\/posts\/23225\/revisions"}],"predecessor-version":[{"id":23228,"href":"https:\/\/www.adcor.org\/gl\/wp-json\/wp\/v2\/posts\/23225\/revisions\/23228"}],"wp:featuredmedia":[{"embeddable":true,"href":"https:\/\/www.adcor.org\/gl\/wp-json\/wp\/v2\/media\/23227"}],"wp:attachment":[{"href":"https:\/\/www.adcor.org\/gl\/wp-json\/wp\/v2\/media?parent=23225"}],"wp:term":[{"taxonomy":"category","embeddable":true,"href":"https:\/\/www.adcor.org\/gl\/wp-json\/wp\/v2\/categories?post=23225"},{"taxonomy":"post_tag","embeddable":true,"href":"https:\/\/www.adcor.org\/gl\/wp-json\/wp\/v2\/tags?post=23225"}],"curies":[{"name":"wp","href":"https:\/\/api.w.org\/{rel}","templated":true}]}}