{"id":23230,"date":"2025-05-28T11:34:13","date_gmt":"2025-05-28T11:34:13","guid":{"rendered":"https:\/\/www.adcor.org\/?p=23230"},"modified":"2025-05-28T11:34:15","modified_gmt":"2025-05-28T11:34:15","slug":"ayudas-respiro-familiar-xunta-2025","status":"publish","type":"post","link":"https:\/\/www.adcor.org\/gl\/ayudas-respiro-familiar-xunta-2025\/","title":{"rendered":"<strong>La Xunta de Galicia abre el proceso para solicitar las ayudas de Respiro Familiar.<\/strong>"},"content":{"rendered":"\n<p>El pasado 21 de mayo la <a href=\"https:\/\/www.xunta.gal\/portada\">Xunta de Galicia<\/a> ha abierto el proceso para solicitar las ayudas de Respiro Familiar. El plazo para presentar las solicitudes estar\u00e1 abierto hasta las 23:59 horas del 15 de octubre de 2025.<\/p>\n\n\n\n<h2><strong>\u00bfQui\u00e9n puede beneficiarse?<\/strong><\/h2>\n\n\n\n<p>Estas ayudas est\u00e1n dirigidas a personas cuidadoras que atienden de forma continuada a personas dependientes o con discapacidad, y que no son profesionales del cuidado. Para ser beneficiario, debes cumplir con los siguientes requisitos:<\/p>\n\n\n\n<ul>\n<li>Residir en Galicia tanto t\u00fa como la persona atendida.<\/li>\n\n\n\n<li>La persona atendida debe tener alguna de estas condiciones:\n<ul>\n<li>Discapacidad f\u00edsica, ps\u00edquica o mental igual o superior al 75%, acreditada mediante informe m\u00e9dico y social.<\/li>\n\n\n\n<li>Reconocimiento de dependencia en Grado II o III.<\/li>\n\n\n\n<li>En caso de no cumplir con los puntos anteriores, debe presentar una situaci\u00f3n de necesidad de terceros para realizar actividades diarias, tambi\u00e9n acreditada con informe m\u00e9dico y social.<\/li>\n<\/ul>\n<\/li>\n<\/ul>\n\n\n\n<p>Adem\u00e1s, los cuidadores deben cumplir con los requisitos establecidos en la Ley 9\/2007 y comprometerse a brindar cuidados afectuosos, colaborar con los servicios sociales y participar en actividades de formaci\u00f3n y apoyo que ofrezca la administraci\u00f3n.<\/p>\n\n\n\n<h2><strong>\u00bfQu\u00e9 cubre la ayuda?<\/strong><\/h2>\n\n\n\n<p>Cada persona atendida genera una \u00fanica ayuda, que puede ser compartida entre varias personas cuidadoras. En caso de compartirse, la ayuda se repartir\u00e1 proporcionalmente seg\u00fan los gastos justificados por cada cuidador.<\/p>\n\n\n\n<figure class=\"wp-block-image size-large\"><img decoding=\"async\" width=\"1024\" height=\"683\" src=\"https:\/\/www.adcor.org\/wp-content\/uploads\/ayudas-respiro-familiar-1024x683.jpg\" alt=\"\" class=\"wp-image-23231\" srcset=\"https:\/\/www.adcor.org\/wp-content\/uploads\/ayudas-respiro-familiar-1024x683.jpg 1024w, https:\/\/www.adcor.org\/wp-content\/uploads\/ayudas-respiro-familiar-300x200.jpg 300w, https:\/\/www.adcor.org\/wp-content\/uploads\/ayudas-respiro-familiar-700x467.jpg 700w, https:\/\/www.adcor.org\/wp-content\/uploads\/ayudas-respiro-familiar.jpg 1200w\" sizes=\"(max-width: 1024px) 100vw, 1024px\" \/><\/figure>\n\n\n\n<h2><strong>\u00bfC\u00f3mo solicitarla?<\/strong><\/h2>\n\n\n\n<p>Puedes tramitar la ayuda de forma sencilla en l\u00ednea a trav\u00e9s de la sede electr\u00f3nica de la Xunta de Galicia en este enlace:\u00a0<a href=\"https:\/\/sede.xunta.gal\/\">https:\/\/sede.xunta.gal\/<\/a>. Tambi\u00e9n puedes hacerlo de manera presencial en los registros y lugares habilitados seg\u00fan la normativa.<\/p>\n\n\n\n<h2><strong>Documentaci\u00f3n necesaria<\/strong><\/h2>\n\n\n\n<p>Es recomendable presentar la solicitud por v\u00eda electr\u00f3nica usando el formulario normalizado (anexo I). Adem\u00e1s, puedes adjuntar documentaci\u00f3n complementaria como informes m\u00e9dicos, copia del contrato de servicios para Respiro Familiar, entre otros.<\/p>\n\n\n\n<h2><strong>\u00bfQu\u00e9 pasa despu\u00e9s de solicitarla?<\/strong><\/h2>\n\n\n\n<p>El plazo para resolver la solicitud es de tres meses. Si no recibes respuesta en ese tiempo, tu solicitud ser\u00e1 considerada denegada.<\/p>\n\n\n\n<p><strong>Informaci\u00f3n de contacto:<\/strong><\/p>\n\n\n\n<ul>\n<li>Xunta de Galicia<\/li>\n\n\n\n<li>Conseller\u00eda de Pol\u00edtica Social e Igualdade<\/li>\n\n\n\n<li>Direcci\u00f3n Xeral de Maiores e Atenci\u00f3n Sociosanitaria<\/li>\n\n\n\n<li>Subdirecci\u00f3n Xeral de Envellecemento Activo, Prevenci\u00f3n de Dependencia e Innovaci\u00f3n Social<\/li>\n\n\n\n<li>San Caetano, s\/n 15701 Santiago de Compostela (A Coru\u00f1a)<\/li>\n\n\n\n<li>Tel\u00e9fono: 88199561<\/li>\n\n\n\n<li>Email:&nbsp;<a href=\"mailto:subxeaiss.politicasocial@xunta.gal\">subxeaiss.politicasocial@xunta.gal<\/a><\/li>\n<\/ul>\n","protected":false},"excerpt":{"rendered":"<p>El pasado 21 de mayo la Xunta de Galicia ha abierto el proceso para solicitar las ayudas de Respiro Familiar. El plazo para presentar las solicitudes estar\u00e1 abierto hasta las 23:59 horas del 15 de octubre de 2025. \u00bfQui\u00e9n puede beneficiarse? Estas ayudas est\u00e1n dirigidas&#8230;<\/p>\n","protected":false},"author":11,"featured_media":23232,"comment_status":"open","ping_status":"open","sticky":false,"template":"","format":"standard","meta":{"_monsterinsights_skip_tracking":false,"_monsterinsights_sitenote_active":false,"_monsterinsights_sitenote_note":"","_monsterinsights_sitenote_category":0},"categories":[1],"tags":[377,376,147,378,375],"yoast_head":"<!-- This site is optimized with the Yoast SEO plugin v18.0 - https:\/\/yoast.com\/wordpress\/plugins\/seo\/ -->\n<meta name=\"description\" content=\"Desde el 21 de mayo y hasta el 15 de Octubre se pueden solicitar las ayudas de Respiro Familiar de la Xunta de Galicia,\" \/>\n<meta name=\"robots\" content=\"index, follow, max-snippet:-1, max-image-preview:large, max-video-preview:-1\" \/>\n<link rel=\"canonical\" href=\"https:\/\/www.adcor.org\/ayudas-respiro-familiar-xunta-2025\/\" \/>\n<meta property=\"og:locale\" content=\"gl_ES\" \/>\n<meta property=\"og:type\" content=\"article\" \/>\n<meta property=\"og:title\" content=\"La Xunta de Galicia abre el proceso para solicitar las ayudas de Respiro Familiar. - ADCOR\" \/>\n<meta property=\"og:description\" content=\"Desde el 21 de mayo y hasta el 15 de Octubre se pueden solicitar las ayudas de Respiro Familiar de la Xunta de Galicia,\" \/>\n<meta property=\"og:url\" content=\"https:\/\/www.adcor.org\/ayudas-respiro-familiar-xunta-2025\/\" \/>\n<meta property=\"og:site_name\" content=\"ADCOR\" \/>\n<meta property=\"article:published_time\" content=\"2025-05-28T11:34:13+00:00\" \/>\n<meta property=\"article:modified_time\" content=\"2025-05-28T11:34:15+00:00\" \/>\n<meta property=\"og:image\" content=\"https:\/\/www.adcor.org\/wp-content\/uploads\/programa-respiro-familiar-xunta-2025.jpg\" \/>\n\t<meta property=\"og:image:width\" content=\"1200\" \/>\n\t<meta property=\"og:image:height\" content=\"800\" \/>\n\t<meta property=\"og:image:type\" content=\"image\/jpeg\" \/>\n<meta name=\"twitter:card\" content=\"summary_large_image\" \/>\n<meta name=\"twitter:label1\" content=\"Escrito por\" \/>\n\t<meta name=\"twitter:data1\" content=\"FUNDACI\u00d3N ADCOR\" \/>\n\t<meta name=\"twitter:label2\" content=\"Tempo de lectura\" \/>\n\t<meta name=\"twitter:data2\" content=\"2 minutos\" \/>\n<script type=\"application\/ld+json\" class=\"yoast-schema-graph\">{\"@context\":\"https:\/\/schema.org\",\"@graph\":[{\"@type\":\"WebSite\",\"@id\":\"https:\/\/www.adcor.org\/#website\",\"url\":\"https:\/\/www.adcor.org\/\",\"name\":\"ADCOR\",\"description\":\"Fundaci\u00f3n ADCOR\",\"potentialAction\":[{\"@type\":\"SearchAction\",\"target\":{\"@type\":\"EntryPoint\",\"urlTemplate\":\"https:\/\/www.adcor.org\/?s={search_term_string}\"},\"query-input\":\"required name=search_term_string\"}],\"inLanguage\":\"gl-ES\"},{\"@type\":\"ImageObject\",\"@id\":\"https:\/\/www.adcor.org\/ayudas-respiro-familiar-xunta-2025\/#primaryimage\",\"inLanguage\":\"gl-ES\",\"url\":\"https:\/\/www.adcor.org\/wp-content\/uploads\/programa-respiro-familiar-xunta-2025.jpg\",\"contentUrl\":\"https:\/\/www.adcor.org\/wp-content\/uploads\/programa-respiro-familiar-xunta-2025.jpg\",\"width\":1200,\"height\":800},{\"@type\":\"WebPage\",\"@id\":\"https:\/\/www.adcor.org\/ayudas-respiro-familiar-xunta-2025\/#webpage\",\"url\":\"https:\/\/www.adcor.org\/ayudas-respiro-familiar-xunta-2025\/\",\"name\":\"La Xunta de Galicia abre el proceso para solicitar las ayudas de Respiro Familiar. - ADCOR\",\"isPartOf\":{\"@id\":\"https:\/\/www.adcor.org\/#website\"},\"primaryImageOfPage\":{\"@id\":\"https:\/\/www.adcor.org\/ayudas-respiro-familiar-xunta-2025\/#primaryimage\"},\"datePublished\":\"2025-05-28T11:34:13+00:00\",\"dateModified\":\"2025-05-28T11:34:15+00:00\",\"author\":{\"@id\":\"https:\/\/www.adcor.org\/#\/schema\/person\/6d3ac136ed8f5fa5ff17d2eb87ef047c\"},\"description\":\"Desde el 21 de mayo y hasta el 15 de Octubre se pueden solicitar las ayudas de Respiro Familiar de la Xunta de Galicia,\",\"breadcrumb\":{\"@id\":\"https:\/\/www.adcor.org\/ayudas-respiro-familiar-xunta-2025\/#breadcrumb\"},\"inLanguage\":\"gl-ES\",\"potentialAction\":[{\"@type\":\"ReadAction\",\"target\":[\"https:\/\/www.adcor.org\/ayudas-respiro-familiar-xunta-2025\/\"]}]},{\"@type\":\"BreadcrumbList\",\"@id\":\"https:\/\/www.adcor.org\/ayudas-respiro-familiar-xunta-2025\/#breadcrumb\",\"itemListElement\":[{\"@type\":\"ListItem\",\"position\":1,\"name\":\"Portada\",\"item\":\"https:\/\/www.adcor.org\/\"},{\"@type\":\"ListItem\",\"position\":2,\"name\":\"La Xunta de Galicia abre el proceso para solicitar las ayudas de Respiro Familiar.\"}]},{\"@type\":\"Person\",\"@id\":\"https:\/\/www.adcor.org\/#\/schema\/person\/6d3ac136ed8f5fa5ff17d2eb87ef047c\",\"name\":\"FUNDACI\u00d3N ADCOR\",\"image\":{\"@type\":\"ImageObject\",\"@id\":\"https:\/\/www.adcor.org\/#personlogo\",\"inLanguage\":\"gl-ES\",\"url\":\"https:\/\/secure.gravatar.com\/avatar\/6d27e95386e38ac2eda8eed9b8a37c9c?s=96&d=mm&r=g\",\"contentUrl\":\"https:\/\/secure.gravatar.com\/avatar\/6d27e95386e38ac2eda8eed9b8a37c9c?s=96&d=mm&r=g\",\"caption\":\"FUNDACI\u00d3N ADCOR\"},\"url\":\"https:\/\/www.adcor.org\/gl\/author\/adcor\/\"}]}<\/script>\n<!-- \/ Yoast SEO plugin. -->","yoast_head_json":{"description":"Desde el 21 de mayo y hasta el 15 de Octubre se pueden solicitar las ayudas de Respiro Familiar de la Xunta de Galicia,","robots":{"index":"index","follow":"follow","max-snippet":"max-snippet:-1","max-image-preview":"max-image-preview:large","max-video-preview":"max-video-preview:-1"},"canonical":"https:\/\/www.adcor.org\/ayudas-respiro-familiar-xunta-2025\/","og_locale":"gl_ES","og_type":"article","og_title":"La Xunta de Galicia abre el proceso para solicitar las ayudas de Respiro Familiar. - ADCOR","og_description":"Desde el 21 de mayo y hasta el 15 de Octubre se pueden solicitar las ayudas de Respiro Familiar de la Xunta de Galicia,","og_url":"https:\/\/www.adcor.org\/ayudas-respiro-familiar-xunta-2025\/","og_site_name":"ADCOR","article_published_time":"2025-05-28T11:34:13+00:00","article_modified_time":"2025-05-28T11:34:15+00:00","og_image":[{"width":1200,"height":800,"url":"https:\/\/www.adcor.org\/wp-content\/uploads\/programa-respiro-familiar-xunta-2025.jpg","type":"image\/jpeg"}],"twitter_card":"summary_large_image","twitter_misc":{"Escrito por":"FUNDACI\u00d3N ADCOR","Tempo de lectura":"2 minutos"},"schema":{"@context":"https:\/\/schema.org","@graph":[{"@type":"WebSite","@id":"https:\/\/www.adcor.org\/#website","url":"https:\/\/www.adcor.org\/","name":"ADCOR","description":"Fundaci\u00f3n ADCOR","potentialAction":[{"@type":"SearchAction","target":{"@type":"EntryPoint","urlTemplate":"https:\/\/www.adcor.org\/?s={search_term_string}"},"query-input":"required name=search_term_string"}],"inLanguage":"gl-ES"},{"@type":"ImageObject","@id":"https:\/\/www.adcor.org\/ayudas-respiro-familiar-xunta-2025\/#primaryimage","inLanguage":"gl-ES","url":"https:\/\/www.adcor.org\/wp-content\/uploads\/programa-respiro-familiar-xunta-2025.jpg","contentUrl":"https:\/\/www.adcor.org\/wp-content\/uploads\/programa-respiro-familiar-xunta-2025.jpg","width":1200,"height":800},{"@type":"WebPage","@id":"https:\/\/www.adcor.org\/ayudas-respiro-familiar-xunta-2025\/#webpage","url":"https:\/\/www.adcor.org\/ayudas-respiro-familiar-xunta-2025\/","name":"La Xunta de Galicia abre el proceso para solicitar las ayudas de Respiro Familiar. - ADCOR","isPartOf":{"@id":"https:\/\/www.adcor.org\/#website"},"primaryImageOfPage":{"@id":"https:\/\/www.adcor.org\/ayudas-respiro-familiar-xunta-2025\/#primaryimage"},"datePublished":"2025-05-28T11:34:13+00:00","dateModified":"2025-05-28T11:34:15+00:00","author":{"@id":"https:\/\/www.adcor.org\/#\/schema\/person\/6d3ac136ed8f5fa5ff17d2eb87ef047c"},"description":"Desde el 21 de mayo y hasta el 15 de Octubre se pueden solicitar las ayudas de Respiro Familiar de la Xunta de Galicia,","breadcrumb":{"@id":"https:\/\/www.adcor.org\/ayudas-respiro-familiar-xunta-2025\/#breadcrumb"},"inLanguage":"gl-ES","potentialAction":[{"@type":"ReadAction","target":["https:\/\/www.adcor.org\/ayudas-respiro-familiar-xunta-2025\/"]}]},{"@type":"BreadcrumbList","@id":"https:\/\/www.adcor.org\/ayudas-respiro-familiar-xunta-2025\/#breadcrumb","itemListElement":[{"@type":"ListItem","position":1,"name":"Portada","item":"https:\/\/www.adcor.org\/"},{"@type":"ListItem","position":2,"name":"La Xunta de Galicia abre el proceso para solicitar las ayudas de Respiro Familiar."}]},{"@type":"Person","@id":"https:\/\/www.adcor.org\/#\/schema\/person\/6d3ac136ed8f5fa5ff17d2eb87ef047c","name":"FUNDACI\u00d3N ADCOR","image":{"@type":"ImageObject","@id":"https:\/\/www.adcor.org\/#personlogo","inLanguage":"gl-ES","url":"https:\/\/secure.gravatar.com\/avatar\/6d27e95386e38ac2eda8eed9b8a37c9c?s=96&d=mm&r=g","contentUrl":"https:\/\/secure.gravatar.com\/avatar\/6d27e95386e38ac2eda8eed9b8a37c9c?s=96&d=mm&r=g","caption":"FUNDACI\u00d3N ADCOR"},"url":"https:\/\/www.adcor.org\/gl\/author\/adcor\/"}]}},"_links":{"self":[{"href":"https:\/\/www.adcor.org\/gl\/wp-json\/wp\/v2\/posts\/23230"}],"collection":[{"href":"https:\/\/www.adcor.org\/gl\/wp-json\/wp\/v2\/posts"}],"about":[{"href":"https:\/\/www.adcor.org\/gl\/wp-json\/wp\/v2\/types\/post"}],"author":[{"embeddable":true,"href":"https:\/\/www.adcor.org\/gl\/wp-json\/wp\/v2\/users\/11"}],"replies":[{"embeddable":true,"href":"https:\/\/www.adcor.org\/gl\/wp-json\/wp\/v2\/comments?post=23230"}],"version-history":[{"count":1,"href":"https:\/\/www.adcor.org\/gl\/wp-json\/wp\/v2\/posts\/23230\/revisions"}],"predecessor-version":[{"id":23233,"href":"https:\/\/www.adcor.org\/gl\/wp-json\/wp\/v2\/posts\/23230\/revisions\/23233"}],"wp:featuredmedia":[{"embeddable":true,"href":"https:\/\/www.adcor.org\/gl\/wp-json\/wp\/v2\/media\/23232"}],"wp:attachment":[{"href":"https:\/\/www.adcor.org\/gl\/wp-json\/wp\/v2\/media?parent=23230"}],"wp:term":[{"taxonomy":"category","embeddable":true,"href":"https:\/\/www.adcor.org\/gl\/wp-json\/wp\/v2\/categories?post=23230"},{"taxonomy":"post_tag","embeddable":true,"href":"https:\/\/www.adcor.org\/gl\/wp-json\/wp\/v2\/tags?post=23230"}],"curies":[{"name":"wp","href":"https:\/\/api.w.org\/{rel}","templated":true}]}}