{"id":23236,"date":"2025-07-17T12:35:06","date_gmt":"2025-07-17T12:35:06","guid":{"rendered":"https:\/\/www.adcor.org\/?p=23236"},"modified":"2025-07-17T12:35:08","modified_gmt":"2025-07-17T12:35:08","slug":"x-solidaria-impuesto-sociedades","status":"publish","type":"post","link":"https:\/\/www.adcor.org\/gl\/x-solidaria-impuesto-sociedades\/","title":{"rendered":"<strong>X Solidaria en la declaraci\u00f3n del Impuesto de Sociedades.<\/strong>"},"content":{"rendered":"\n<p>\u00bfSab\u00edas que marcar la X Solidaria en tu <a href=\"https:\/\/sede.agenciatributaria.gob.es\/Sede\/impuesto-sobre-sociedades.html\" target=\"_blank\" rel=\"noreferrer noopener\">declaraci\u00f3n del impuesto de sociedades<\/a> no solo ayuda a causas sociales, sino que tambi\u00e9n puede beneficiar a tu empresa?<\/p>\n\n\n\n<p>Aqu\u00ed te contamos todo lo que necesitas saber.<\/p>\n\n\n\n<h2><strong>Plazo de presentaci\u00f3n:<\/strong><\/h2>\n\n\n\n<p>A diferencia de otras figuras impositivas, la declaraci\u00f3n del Impuesto sobre Sociedades no tiene un plazo de presentaci\u00f3n \u00fanico para todos los contribuyentes. En cambio, cada empresa tiene su propio plazo, que depende de la fecha en que finalice su per\u00edodo impositivo.<\/p>\n\n\n\n<p>Seg\u00fan lo establecido en el art\u00edculo 124.1 de la Ley del Impuesto sobre Sociedades (LIS), en general, la declaraci\u00f3n debe presentarse en los 25 d\u00edas naturales siguientes a los seis meses posteriores a la conclusi\u00f3n del per\u00edodo impositivo.<\/p>\n\n\n\n<p>Por ejemplo, si el ejercicio econ\u00f3mico de una empresa coincide con el a\u00f1o natural, el plazo para presentar la declaraci\u00f3n ser\u00e1 durante los primeros 25 d\u00edas naturales del mes de julio.<\/p>\n\n\n\n<h2><strong>Casilla de la X Solidaria:<\/strong><\/h2>\n\n\n\n<p>El nombre completo de esa casilla es \u201cOpci\u00f3n del 0,7% de la cuota \u00edntegra para fines sociales\u201d. En el modelo 200, su n\u00famero es 00073, y en el modelo 220, es el 069.<\/p>\n\n\n\n<p>Puedes encontrar esta casilla el ep\u00edgrafe \u201cOtros caracteres\u201d en los modelos 200 y 220 que deben presentar las empresas. En los dos modelos la casilla est\u00e1 en la primera p\u00e1gina con la etiqueta \u201cFines Sociales\u201d en el mencionado apartado.\u00a0<\/p>\n\n\n\n<figure class=\"is-layout-flex wp-block-gallery-1 wp-block-gallery has-nested-images columns-default is-cropped\">\n<figure class=\"wp-block-image size-large\"><img decoding=\"async\" width=\"1024\" height=\"683\" data-id=\"23238\"  src=\"https:\/\/www.adcor.org\/wp-content\/uploads\/donde-econtrar-x-solidaria-impuesto-sociedades-1024x683.jpg\" alt=\"\" class=\"wp-image-23238\" srcset=\"https:\/\/www.adcor.org\/wp-content\/uploads\/donde-econtrar-x-solidaria-impuesto-sociedades-1024x683.jpg 1024w, https:\/\/www.adcor.org\/wp-content\/uploads\/donde-econtrar-x-solidaria-impuesto-sociedades-300x200.jpg 300w, https:\/\/www.adcor.org\/wp-content\/uploads\/donde-econtrar-x-solidaria-impuesto-sociedades-700x467.jpg 700w, https:\/\/www.adcor.org\/wp-content\/uploads\/donde-econtrar-x-solidaria-impuesto-sociedades.jpg 1200w\" sizes=\"(max-width: 1024px) 100vw, 1024px\" \/><\/figure>\n<\/figure>\n\n\n\n<h2><strong>\u00bfCu\u00e1nto se puede destinar?<\/strong>&nbsp;<\/h2>\n\n\n\n<p>Si marcas la X Solidaria, tu empresa puede destinar hasta un&nbsp;<strong>0,7% de la cuota \u00edntegra del impuesto<\/strong>&nbsp;a proyectos sociales, cooperaci\u00f3n internacional y otras causas solidarias. Se calcula que si todas las empresas marcaran la X se destinar\u00edan en torno a 270 millones de euros para proyectos sociales.<\/p>\n\n\n\n<h2><strong>\u00bfPor qu\u00e9 hacerlo?<\/strong><\/h2>\n\n\n\n<ul>\n<li>Marcar la X Solidaria no tiene un coste adicional, esto significa que la liquidaci\u00f3n final del Impuesto de Sociedades no var\u00eda, la empresa no paga ni m\u00e1s ni menos impuestos.<\/li>\n\n\n\n<li>Los fondos destinados a fines sociales mediante las X solidarias de particulares y empresas se dirige a proyectos presentados por organizaciones del Tercer Sector a&nbsp; trav\u00e9s de convocatorias, siendo el 80% para proyectos sociales a nivel auton\u00f3mico y el 20% restante se reserva a para proyectos a nivel estatal.<\/li>\n<\/ul>\n\n\n\n<p>Desde aqu\u00ed, queremos sumarnos a esta campa\u00f1a para animar a todas las empresas a marcar la X solidaria. Un peque\u00f1o gesto que no cuesta nada y que puede marcar una gran diferencia en proyectos sociales.<\/p>\n\n\n\n<figure class=\"wp-block-embed is-type-video is-provider-youtube wp-block-embed-youtube wp-embed-aspect-16-9 wp-has-aspect-ratio\"><div class=\"wp-block-embed__wrapper\">\n<iframe title=\"Si somos una sociedad m\u00e1s solidaria, es X ti. Marca la Casilla Empresa Solidaria\" width=\"1060\" height=\"596\" src=\"https:\/\/www.youtube.com\/embed\/tVGuA-4GlXs?feature=oembed\" frameborder=\"0\" allow=\"accelerometer; autoplay; clipboard-write; encrypted-media; gyroscope; picture-in-picture; web-share\" referrerpolicy=\"strict-origin-when-cross-origin\" allowfullscreen><\/iframe>\n<\/div><\/figure>\n","protected":false},"excerpt":{"rendered":"<p>\u00bfSab\u00edas que marcar la X Solidaria en tu declaraci\u00f3n del impuesto de sociedades no solo ayuda a causas sociales, sino que tambi\u00e9n puede beneficiar a tu empresa? Aqu\u00ed te contamos todo lo que necesitas saber. Plazo de presentaci\u00f3n: A diferencia de otras figuras impositivas, la&#8230;<\/p>\n","protected":false},"author":11,"featured_media":23237,"comment_status":"open","ping_status":"open","sticky":false,"template":"","format":"standard","meta":{"_monsterinsights_skip_tracking":false,"_monsterinsights_sitenote_active":false,"_monsterinsights_sitenote_note":"","_monsterinsights_sitenote_category":0},"categories":[1],"tags":[],"yoast_head":"<!-- This site is optimized with the Yoast SEO plugin v18.0 - https:\/\/yoast.com\/wordpress\/plugins\/seo\/ -->\n<meta name=\"description\" content=\"Marcar la X Solidaria en tu declaraci\u00f3n del impuesto de sociedades ayuda a causas sociales sin que tu empresa tenga que pagar m\u00e1s.\" \/>\n<meta name=\"robots\" content=\"index, follow, max-snippet:-1, max-image-preview:large, max-video-preview:-1\" \/>\n<link rel=\"canonical\" href=\"https:\/\/www.adcor.org\/x-solidaria-impuesto-sociedades\/\" \/>\n<meta property=\"og:locale\" content=\"gl_ES\" \/>\n<meta property=\"og:type\" content=\"article\" \/>\n<meta property=\"og:title\" content=\"X Solidaria en la declaraci\u00f3n del Impuesto de Sociedades. - ADCOR\" \/>\n<meta property=\"og:description\" content=\"Marcar la X Solidaria en tu declaraci\u00f3n del impuesto de sociedades ayuda a causas sociales sin que tu empresa tenga que pagar m\u00e1s.\" \/>\n<meta property=\"og:url\" content=\"https:\/\/www.adcor.org\/x-solidaria-impuesto-sociedades\/\" \/>\n<meta property=\"og:site_name\" content=\"ADCOR\" \/>\n<meta property=\"article:published_time\" content=\"2025-07-17T12:35:06+00:00\" \/>\n<meta property=\"article:modified_time\" content=\"2025-07-17T12:35:08+00:00\" \/>\n<meta property=\"og:image\" content=\"https:\/\/www.adcor.org\/wp-content\/uploads\/x-solidaria-empresas.jpg\" \/>\n\t<meta property=\"og:image:width\" content=\"1200\" \/>\n\t<meta property=\"og:image:height\" content=\"800\" \/>\n\t<meta property=\"og:image:type\" content=\"image\/jpeg\" \/>\n<meta name=\"twitter:card\" content=\"summary_large_image\" \/>\n<meta name=\"twitter:label1\" content=\"Escrito por\" \/>\n\t<meta name=\"twitter:data1\" content=\"FUNDACI\u00d3N ADCOR\" \/>\n\t<meta name=\"twitter:label2\" content=\"Tempo de lectura\" \/>\n\t<meta name=\"twitter:data2\" content=\"3 minutos\" \/>\n<script type=\"application\/ld+json\" class=\"yoast-schema-graph\">{\"@context\":\"https:\/\/schema.org\",\"@graph\":[{\"@type\":\"WebSite\",\"@id\":\"https:\/\/www.adcor.org\/#website\",\"url\":\"https:\/\/www.adcor.org\/\",\"name\":\"ADCOR\",\"description\":\"Fundaci\u00f3n ADCOR\",\"potentialAction\":[{\"@type\":\"SearchAction\",\"target\":{\"@type\":\"EntryPoint\",\"urlTemplate\":\"https:\/\/www.adcor.org\/?s={search_term_string}\"},\"query-input\":\"required name=search_term_string\"}],\"inLanguage\":\"gl-ES\"},{\"@type\":\"ImageObject\",\"@id\":\"https:\/\/www.adcor.org\/x-solidaria-impuesto-sociedades\/#primaryimage\",\"inLanguage\":\"gl-ES\",\"url\":\"https:\/\/www.adcor.org\/wp-content\/uploads\/x-solidaria-empresas.jpg\",\"contentUrl\":\"https:\/\/www.adcor.org\/wp-content\/uploads\/x-solidaria-empresas.jpg\",\"width\":1200,\"height\":800},{\"@type\":\"WebPage\",\"@id\":\"https:\/\/www.adcor.org\/x-solidaria-impuesto-sociedades\/#webpage\",\"url\":\"https:\/\/www.adcor.org\/x-solidaria-impuesto-sociedades\/\",\"name\":\"X Solidaria en la declaraci\u00f3n del Impuesto de Sociedades. - ADCOR\",\"isPartOf\":{\"@id\":\"https:\/\/www.adcor.org\/#website\"},\"primaryImageOfPage\":{\"@id\":\"https:\/\/www.adcor.org\/x-solidaria-impuesto-sociedades\/#primaryimage\"},\"datePublished\":\"2025-07-17T12:35:06+00:00\",\"dateModified\":\"2025-07-17T12:35:08+00:00\",\"author\":{\"@id\":\"https:\/\/www.adcor.org\/#\/schema\/person\/6d3ac136ed8f5fa5ff17d2eb87ef047c\"},\"description\":\"Marcar la X Solidaria en tu declaraci\u00f3n del impuesto de sociedades ayuda a causas sociales sin que tu empresa tenga que pagar m\u00e1s.\",\"breadcrumb\":{\"@id\":\"https:\/\/www.adcor.org\/x-solidaria-impuesto-sociedades\/#breadcrumb\"},\"inLanguage\":\"gl-ES\",\"potentialAction\":[{\"@type\":\"ReadAction\",\"target\":[\"https:\/\/www.adcor.org\/x-solidaria-impuesto-sociedades\/\"]}]},{\"@type\":\"BreadcrumbList\",\"@id\":\"https:\/\/www.adcor.org\/x-solidaria-impuesto-sociedades\/#breadcrumb\",\"itemListElement\":[{\"@type\":\"ListItem\",\"position\":1,\"name\":\"Portada\",\"item\":\"https:\/\/www.adcor.org\/\"},{\"@type\":\"ListItem\",\"position\":2,\"name\":\"X Solidaria en la declaraci\u00f3n del Impuesto de Sociedades.\"}]},{\"@type\":\"Person\",\"@id\":\"https:\/\/www.adcor.org\/#\/schema\/person\/6d3ac136ed8f5fa5ff17d2eb87ef047c\",\"name\":\"FUNDACI\u00d3N ADCOR\",\"image\":{\"@type\":\"ImageObject\",\"@id\":\"https:\/\/www.adcor.org\/#personlogo\",\"inLanguage\":\"gl-ES\",\"url\":\"https:\/\/secure.gravatar.com\/avatar\/6d27e95386e38ac2eda8eed9b8a37c9c?s=96&d=mm&r=g\",\"contentUrl\":\"https:\/\/secure.gravatar.com\/avatar\/6d27e95386e38ac2eda8eed9b8a37c9c?s=96&d=mm&r=g\",\"caption\":\"FUNDACI\u00d3N ADCOR\"},\"url\":\"https:\/\/www.adcor.org\/gl\/author\/adcor\/\"}]}<\/script>\n<!-- \/ Yoast SEO plugin. -->","yoast_head_json":{"description":"Marcar la X Solidaria en tu declaraci\u00f3n del impuesto de sociedades ayuda a causas sociales sin que tu empresa tenga que pagar m\u00e1s.","robots":{"index":"index","follow":"follow","max-snippet":"max-snippet:-1","max-image-preview":"max-image-preview:large","max-video-preview":"max-video-preview:-1"},"canonical":"https:\/\/www.adcor.org\/x-solidaria-impuesto-sociedades\/","og_locale":"gl_ES","og_type":"article","og_title":"X Solidaria en la declaraci\u00f3n del Impuesto de Sociedades. - ADCOR","og_description":"Marcar la X Solidaria en tu declaraci\u00f3n del impuesto de sociedades ayuda a causas sociales sin que tu empresa tenga que pagar m\u00e1s.","og_url":"https:\/\/www.adcor.org\/x-solidaria-impuesto-sociedades\/","og_site_name":"ADCOR","article_published_time":"2025-07-17T12:35:06+00:00","article_modified_time":"2025-07-17T12:35:08+00:00","og_image":[{"width":1200,"height":800,"url":"https:\/\/www.adcor.org\/wp-content\/uploads\/x-solidaria-empresas.jpg","type":"image\/jpeg"}],"twitter_card":"summary_large_image","twitter_misc":{"Escrito por":"FUNDACI\u00d3N ADCOR","Tempo de lectura":"3 minutos"},"schema":{"@context":"https:\/\/schema.org","@graph":[{"@type":"WebSite","@id":"https:\/\/www.adcor.org\/#website","url":"https:\/\/www.adcor.org\/","name":"ADCOR","description":"Fundaci\u00f3n ADCOR","potentialAction":[{"@type":"SearchAction","target":{"@type":"EntryPoint","urlTemplate":"https:\/\/www.adcor.org\/?s={search_term_string}"},"query-input":"required name=search_term_string"}],"inLanguage":"gl-ES"},{"@type":"ImageObject","@id":"https:\/\/www.adcor.org\/x-solidaria-impuesto-sociedades\/#primaryimage","inLanguage":"gl-ES","url":"https:\/\/www.adcor.org\/wp-content\/uploads\/x-solidaria-empresas.jpg","contentUrl":"https:\/\/www.adcor.org\/wp-content\/uploads\/x-solidaria-empresas.jpg","width":1200,"height":800},{"@type":"WebPage","@id":"https:\/\/www.adcor.org\/x-solidaria-impuesto-sociedades\/#webpage","url":"https:\/\/www.adcor.org\/x-solidaria-impuesto-sociedades\/","name":"X Solidaria en la declaraci\u00f3n del Impuesto de Sociedades. - ADCOR","isPartOf":{"@id":"https:\/\/www.adcor.org\/#website"},"primaryImageOfPage":{"@id":"https:\/\/www.adcor.org\/x-solidaria-impuesto-sociedades\/#primaryimage"},"datePublished":"2025-07-17T12:35:06+00:00","dateModified":"2025-07-17T12:35:08+00:00","author":{"@id":"https:\/\/www.adcor.org\/#\/schema\/person\/6d3ac136ed8f5fa5ff17d2eb87ef047c"},"description":"Marcar la X Solidaria en tu declaraci\u00f3n del impuesto de sociedades ayuda a causas sociales sin que tu empresa tenga que pagar m\u00e1s.","breadcrumb":{"@id":"https:\/\/www.adcor.org\/x-solidaria-impuesto-sociedades\/#breadcrumb"},"inLanguage":"gl-ES","potentialAction":[{"@type":"ReadAction","target":["https:\/\/www.adcor.org\/x-solidaria-impuesto-sociedades\/"]}]},{"@type":"BreadcrumbList","@id":"https:\/\/www.adcor.org\/x-solidaria-impuesto-sociedades\/#breadcrumb","itemListElement":[{"@type":"ListItem","position":1,"name":"Portada","item":"https:\/\/www.adcor.org\/"},{"@type":"ListItem","position":2,"name":"X Solidaria en la declaraci\u00f3n del Impuesto de Sociedades."}]},{"@type":"Person","@id":"https:\/\/www.adcor.org\/#\/schema\/person\/6d3ac136ed8f5fa5ff17d2eb87ef047c","name":"FUNDACI\u00d3N ADCOR","image":{"@type":"ImageObject","@id":"https:\/\/www.adcor.org\/#personlogo","inLanguage":"gl-ES","url":"https:\/\/secure.gravatar.com\/avatar\/6d27e95386e38ac2eda8eed9b8a37c9c?s=96&d=mm&r=g","contentUrl":"https:\/\/secure.gravatar.com\/avatar\/6d27e95386e38ac2eda8eed9b8a37c9c?s=96&d=mm&r=g","caption":"FUNDACI\u00d3N ADCOR"},"url":"https:\/\/www.adcor.org\/gl\/author\/adcor\/"}]}},"_links":{"self":[{"href":"https:\/\/www.adcor.org\/gl\/wp-json\/wp\/v2\/posts\/23236"}],"collection":[{"href":"https:\/\/www.adcor.org\/gl\/wp-json\/wp\/v2\/posts"}],"about":[{"href":"https:\/\/www.adcor.org\/gl\/wp-json\/wp\/v2\/types\/post"}],"author":[{"embeddable":true,"href":"https:\/\/www.adcor.org\/gl\/wp-json\/wp\/v2\/users\/11"}],"replies":[{"embeddable":true,"href":"https:\/\/www.adcor.org\/gl\/wp-json\/wp\/v2\/comments?post=23236"}],"version-history":[{"count":1,"href":"https:\/\/www.adcor.org\/gl\/wp-json\/wp\/v2\/posts\/23236\/revisions"}],"predecessor-version":[{"id":23239,"href":"https:\/\/www.adcor.org\/gl\/wp-json\/wp\/v2\/posts\/23236\/revisions\/23239"}],"wp:featuredmedia":[{"embeddable":true,"href":"https:\/\/www.adcor.org\/gl\/wp-json\/wp\/v2\/media\/23237"}],"wp:attachment":[{"href":"https:\/\/www.adcor.org\/gl\/wp-json\/wp\/v2\/media?parent=23236"}],"wp:term":[{"taxonomy":"category","embeddable":true,"href":"https:\/\/www.adcor.org\/gl\/wp-json\/wp\/v2\/categories?post=23236"},{"taxonomy":"post_tag","embeddable":true,"href":"https:\/\/www.adcor.org\/gl\/wp-json\/wp\/v2\/tags?post=23236"}],"curies":[{"name":"wp","href":"https:\/\/api.w.org\/{rel}","templated":true}]}}