{"id":23253,"date":"2025-09-17T10:53:40","date_gmt":"2025-09-17T10:53:40","guid":{"rendered":"https:\/\/www.adcor.org\/?p=23253"},"modified":"2025-09-17T10:54:41","modified_gmt":"2025-09-17T10:54:41","slug":"adcor-visibiliza-programa-transporte-inclusivo","status":"publish","type":"post","link":"https:\/\/www.adcor.org\/gl\/adcor-visibiliza-programa-transporte-inclusivo\/","title":{"rendered":"<strong>ADCOR y la Compa\u00f1\u00eda de Tranv\u00edas visibilizan el programa \u201cM\u00f3vete\u201d en la Semana Europea de la Movilidad<\/strong>"},"content":{"rendered":"\n<p>En el marco de la <a href=\"https:\/\/www.coruna.gal\/movilidad\/es\/planes-y-programas\/semana-europea-de-la-movilidad-2025?argIdioma=es\">Semana Europea de la Movilidad (SEM),<\/a> que se celebra hasta el 22 de septiembre bajo el lema \u201c<em>Movilidad para todas las personas<\/em>\u201d, la <a href=\"http:\/\/www.adcor.org\">Fundaci\u00f3n ADCOR<\/a> ha tenido el privilegio de participar en una iniciativa conjunta con la <a href=\"https:\/\/tranviascoruna.com\/\">Compa\u00f1\u00eda de Tranv\u00edas de La Coru\u00f1a<\/a> para dar visibilidad al programa \u201c<em>M\u00f3vete<\/em>\u201d.<\/p>\n\n\n\n<h3>Visibilizaci\u00f3n del programa M\u00f3vete<\/h3>\n\n\n\n<p>En el d\u00eda de ayer, en el espacio que la Compa\u00f1\u00eda de Tranv\u00edas ha habilitado en la plaza de Pontevedra con motivo de la SEM, se ha presentado un v\u00eddeo que muestra el impacto positivo del programa \u201c<em><a href=\"https:\/\/www.adcor.org\/programa-autonomia-transporte-publico\/\">M\u00f3vete<\/a><\/em>\u201d. Un programa desarrollado por la Fundaci\u00f3n ADCOR con el apoyo de la Compa\u00f1\u00eda. Esta colaboraci\u00f3n tiene como objetivo principal fomentar la autonom\u00eda de las personas con discapacidad intelectual en el uso del transporte p\u00fablico urbano.<\/p>\n\n\n\n<p>El acto cont\u00f3 con la presencia de varios usuarios y usuarias de ADCOR, protagonistas del v\u00eddeo, quienes compartieron su experiencia en primera persona. Tambi\u00e9n intervinieron Marga Garrido, gerente de la Fundaci\u00f3n ADCOR, e Ignacio Prada, director de la Compa\u00f1\u00eda de Tranv\u00edas de La Coru\u00f1a.<\/p>\n\n\n\n<p>Durante toda la semana, la ciudadan\u00eda podr\u00e1 conocer a trav\u00e9s de este v\u00eddeo la labor que realizamos desde la Fundaci\u00f3n ADCOR para promover la inclusi\u00f3n y la autonom\u00eda personal. El programa \u201c<em>M\u00f3vete<\/em>\u201d est\u00e1 dirigido a personas con discapacidad intelectual que acuden a nuestros centros ocupacionales y al centro residencial, y les proporciona el acompa\u00f1amiento necesario para que puedan utilizar el transporte p\u00fablico de forma segura y aut\u00f3noma, adaptado a sus capacidades y necesidades individuales.<\/p>\n\n\n\n<h3>El programa M\u00f3vete<\/h3>\n\n\n\n<p>Gracias al trabajo de nuestros profesionales, las personas usuarias del programa pueden desplazarse para realizar actividades cotidianas como practicar deporte, disfrutar de su tiempo libre, visitar a sus familias o hacer compras. Tal como se\u00f1al\u00f3 nuestra gerente, Marga Garrido: \u201c<em>Para nosotros lo m\u00e1s importante es la autoestima que les genera la realizaci\u00f3n de estos desplazamientos a trav\u00e9s del autob\u00fas urbano. El programa \u2018M\u00f3vete\u2019 les aporta una autonom\u00eda y una autoestima multiplicada por mil<\/em>\u201d.<\/p>\n\n\n\n<p>Desde la Fundaci\u00f3n ADCOR agradecemos profundamente la implicaci\u00f3n de la Compa\u00f1\u00eda de Tranv\u00edas en esta iniciativa, que refuerza nuestro compromiso con una movilidad verdaderamente inclusiva.<\/p>\n","protected":false},"excerpt":{"rendered":"<p>En el marco de la Semana Europea de la Movilidad (SEM), que se celebra hasta el 22 de septiembre bajo el lema \u201cMovilidad para todas las personas\u201d, la Fundaci\u00f3n ADCOR ha tenido el privilegio de participar en una iniciativa conjunta con la Compa\u00f1\u00eda de Tranv\u00edas&#8230;<\/p>\n","protected":false},"author":11,"featured_media":23254,"comment_status":"open","ping_status":"open","sticky":false,"template":"","format":"standard","meta":{"_monsterinsights_skip_tracking":false,"_monsterinsights_sitenote_active":false,"_monsterinsights_sitenote_note":"","_monsterinsights_sitenote_category":0},"categories":[1],"tags":[105,88,89,372,373],"yoast_head":"<!-- This site is optimized with the Yoast SEO plugin v18.0 - https:\/\/yoast.com\/wordpress\/plugins\/seo\/ -->\n<meta name=\"description\" content=\"Adcor y la Compa\u00f1\u00eda de Tranv\u00edas visibilizan el programa &quot;M\u00f3vete&quot; dentro de la Semana Europea de la Movilidad.\" \/>\n<meta name=\"robots\" content=\"index, follow, max-snippet:-1, max-image-preview:large, max-video-preview:-1\" \/>\n<link rel=\"canonical\" href=\"https:\/\/www.adcor.org\/adcor-visibiliza-programa-transporte-inclusivo\/\" \/>\n<meta property=\"og:locale\" content=\"gl_ES\" \/>\n<meta property=\"og:type\" content=\"article\" \/>\n<meta property=\"og:title\" content=\"ADCOR y la Compa\u00f1\u00eda de Tranv\u00edas visibilizan el programa \u201cM\u00f3vete\u201d en la Semana Europea de la Movilidad - ADCOR\" \/>\n<meta property=\"og:description\" content=\"Adcor y la Compa\u00f1\u00eda de Tranv\u00edas visibilizan el programa &quot;M\u00f3vete&quot; dentro de la Semana Europea de la Movilidad.\" \/>\n<meta property=\"og:url\" content=\"https:\/\/www.adcor.org\/adcor-visibiliza-programa-transporte-inclusivo\/\" \/>\n<meta property=\"og:site_name\" content=\"ADCOR\" \/>\n<meta property=\"article:published_time\" content=\"2025-09-17T10:53:40+00:00\" \/>\n<meta property=\"article:modified_time\" content=\"2025-09-17T10:54:41+00:00\" \/>\n<meta property=\"og:image\" content=\"https:\/\/www.adcor.org\/wp-content\/uploads\/adcor-tranvias-visibilizan-programa-movete-semana-europea-movilidad.jpg\" \/>\n\t<meta property=\"og:image:width\" content=\"1200\" \/>\n\t<meta property=\"og:image:height\" content=\"800\" \/>\n\t<meta property=\"og:image:type\" content=\"image\/jpeg\" \/>\n<meta name=\"twitter:card\" content=\"summary_large_image\" \/>\n<meta name=\"twitter:label1\" content=\"Escrito por\" \/>\n\t<meta name=\"twitter:data1\" content=\"FUNDACI\u00d3N ADCOR\" \/>\n\t<meta name=\"twitter:label2\" content=\"Tempo de lectura\" \/>\n\t<meta name=\"twitter:data2\" content=\"2 minutos\" \/>\n<script type=\"application\/ld+json\" class=\"yoast-schema-graph\">{\"@context\":\"https:\/\/schema.org\",\"@graph\":[{\"@type\":\"WebSite\",\"@id\":\"https:\/\/www.adcor.org\/#website\",\"url\":\"https:\/\/www.adcor.org\/\",\"name\":\"ADCOR\",\"description\":\"Fundaci\u00f3n ADCOR\",\"potentialAction\":[{\"@type\":\"SearchAction\",\"target\":{\"@type\":\"EntryPoint\",\"urlTemplate\":\"https:\/\/www.adcor.org\/?s={search_term_string}\"},\"query-input\":\"required name=search_term_string\"}],\"inLanguage\":\"gl-ES\"},{\"@type\":\"ImageObject\",\"@id\":\"https:\/\/www.adcor.org\/adcor-visibiliza-programa-transporte-inclusivo\/#primaryimage\",\"inLanguage\":\"gl-ES\",\"url\":\"https:\/\/www.adcor.org\/wp-content\/uploads\/adcor-tranvias-visibilizan-programa-movete-semana-europea-movilidad.jpg\",\"contentUrl\":\"https:\/\/www.adcor.org\/wp-content\/uploads\/adcor-tranvias-visibilizan-programa-movete-semana-europea-movilidad.jpg\",\"width\":1200,\"height\":800},{\"@type\":\"WebPage\",\"@id\":\"https:\/\/www.adcor.org\/adcor-visibiliza-programa-transporte-inclusivo\/#webpage\",\"url\":\"https:\/\/www.adcor.org\/adcor-visibiliza-programa-transporte-inclusivo\/\",\"name\":\"ADCOR y la Compa\u00f1\u00eda de Tranv\u00edas visibilizan el programa \u201cM\u00f3vete\u201d en la Semana Europea de la Movilidad - ADCOR\",\"isPartOf\":{\"@id\":\"https:\/\/www.adcor.org\/#website\"},\"primaryImageOfPage\":{\"@id\":\"https:\/\/www.adcor.org\/adcor-visibiliza-programa-transporte-inclusivo\/#primaryimage\"},\"datePublished\":\"2025-09-17T10:53:40+00:00\",\"dateModified\":\"2025-09-17T10:54:41+00:00\",\"author\":{\"@id\":\"https:\/\/www.adcor.org\/#\/schema\/person\/6d3ac136ed8f5fa5ff17d2eb87ef047c\"},\"description\":\"Adcor y la Compa\u00f1\u00eda de Tranv\u00edas visibilizan el programa \\\"M\u00f3vete\\\" dentro de la Semana Europea de la Movilidad.\",\"breadcrumb\":{\"@id\":\"https:\/\/www.adcor.org\/adcor-visibiliza-programa-transporte-inclusivo\/#breadcrumb\"},\"inLanguage\":\"gl-ES\",\"potentialAction\":[{\"@type\":\"ReadAction\",\"target\":[\"https:\/\/www.adcor.org\/adcor-visibiliza-programa-transporte-inclusivo\/\"]}]},{\"@type\":\"BreadcrumbList\",\"@id\":\"https:\/\/www.adcor.org\/adcor-visibiliza-programa-transporte-inclusivo\/#breadcrumb\",\"itemListElement\":[{\"@type\":\"ListItem\",\"position\":1,\"name\":\"Portada\",\"item\":\"https:\/\/www.adcor.org\/\"},{\"@type\":\"ListItem\",\"position\":2,\"name\":\"ADCOR y la Compa\u00f1\u00eda de Tranv\u00edas visibilizan el programa \u201cM\u00f3vete\u201d en la Semana Europea de la Movilidad\"}]},{\"@type\":\"Person\",\"@id\":\"https:\/\/www.adcor.org\/#\/schema\/person\/6d3ac136ed8f5fa5ff17d2eb87ef047c\",\"name\":\"FUNDACI\u00d3N ADCOR\",\"image\":{\"@type\":\"ImageObject\",\"@id\":\"https:\/\/www.adcor.org\/#personlogo\",\"inLanguage\":\"gl-ES\",\"url\":\"https:\/\/secure.gravatar.com\/avatar\/6d27e95386e38ac2eda8eed9b8a37c9c?s=96&d=mm&r=g\",\"contentUrl\":\"https:\/\/secure.gravatar.com\/avatar\/6d27e95386e38ac2eda8eed9b8a37c9c?s=96&d=mm&r=g\",\"caption\":\"FUNDACI\u00d3N ADCOR\"},\"url\":\"https:\/\/www.adcor.org\/gl\/author\/adcor\/\"}]}<\/script>\n<!-- \/ Yoast SEO plugin. -->","yoast_head_json":{"description":"Adcor y la Compa\u00f1\u00eda de Tranv\u00edas visibilizan el programa \"M\u00f3vete\" dentro de la Semana Europea de la Movilidad.","robots":{"index":"index","follow":"follow","max-snippet":"max-snippet:-1","max-image-preview":"max-image-preview:large","max-video-preview":"max-video-preview:-1"},"canonical":"https:\/\/www.adcor.org\/adcor-visibiliza-programa-transporte-inclusivo\/","og_locale":"gl_ES","og_type":"article","og_title":"ADCOR y la Compa\u00f1\u00eda de Tranv\u00edas visibilizan el programa \u201cM\u00f3vete\u201d en la Semana Europea de la Movilidad - ADCOR","og_description":"Adcor y la Compa\u00f1\u00eda de Tranv\u00edas visibilizan el programa \"M\u00f3vete\" dentro de la Semana Europea de la Movilidad.","og_url":"https:\/\/www.adcor.org\/adcor-visibiliza-programa-transporte-inclusivo\/","og_site_name":"ADCOR","article_published_time":"2025-09-17T10:53:40+00:00","article_modified_time":"2025-09-17T10:54:41+00:00","og_image":[{"width":1200,"height":800,"url":"https:\/\/www.adcor.org\/wp-content\/uploads\/adcor-tranvias-visibilizan-programa-movete-semana-europea-movilidad.jpg","type":"image\/jpeg"}],"twitter_card":"summary_large_image","twitter_misc":{"Escrito por":"FUNDACI\u00d3N ADCOR","Tempo de lectura":"2 minutos"},"schema":{"@context":"https:\/\/schema.org","@graph":[{"@type":"WebSite","@id":"https:\/\/www.adcor.org\/#website","url":"https:\/\/www.adcor.org\/","name":"ADCOR","description":"Fundaci\u00f3n ADCOR","potentialAction":[{"@type":"SearchAction","target":{"@type":"EntryPoint","urlTemplate":"https:\/\/www.adcor.org\/?s={search_term_string}"},"query-input":"required name=search_term_string"}],"inLanguage":"gl-ES"},{"@type":"ImageObject","@id":"https:\/\/www.adcor.org\/adcor-visibiliza-programa-transporte-inclusivo\/#primaryimage","inLanguage":"gl-ES","url":"https:\/\/www.adcor.org\/wp-content\/uploads\/adcor-tranvias-visibilizan-programa-movete-semana-europea-movilidad.jpg","contentUrl":"https:\/\/www.adcor.org\/wp-content\/uploads\/adcor-tranvias-visibilizan-programa-movete-semana-europea-movilidad.jpg","width":1200,"height":800},{"@type":"WebPage","@id":"https:\/\/www.adcor.org\/adcor-visibiliza-programa-transporte-inclusivo\/#webpage","url":"https:\/\/www.adcor.org\/adcor-visibiliza-programa-transporte-inclusivo\/","name":"ADCOR y la Compa\u00f1\u00eda de Tranv\u00edas visibilizan el programa \u201cM\u00f3vete\u201d en la Semana Europea de la Movilidad - ADCOR","isPartOf":{"@id":"https:\/\/www.adcor.org\/#website"},"primaryImageOfPage":{"@id":"https:\/\/www.adcor.org\/adcor-visibiliza-programa-transporte-inclusivo\/#primaryimage"},"datePublished":"2025-09-17T10:53:40+00:00","dateModified":"2025-09-17T10:54:41+00:00","author":{"@id":"https:\/\/www.adcor.org\/#\/schema\/person\/6d3ac136ed8f5fa5ff17d2eb87ef047c"},"description":"Adcor y la Compa\u00f1\u00eda de Tranv\u00edas visibilizan el programa \"M\u00f3vete\" dentro de la Semana Europea de la Movilidad.","breadcrumb":{"@id":"https:\/\/www.adcor.org\/adcor-visibiliza-programa-transporte-inclusivo\/#breadcrumb"},"inLanguage":"gl-ES","potentialAction":[{"@type":"ReadAction","target":["https:\/\/www.adcor.org\/adcor-visibiliza-programa-transporte-inclusivo\/"]}]},{"@type":"BreadcrumbList","@id":"https:\/\/www.adcor.org\/adcor-visibiliza-programa-transporte-inclusivo\/#breadcrumb","itemListElement":[{"@type":"ListItem","position":1,"name":"Portada","item":"https:\/\/www.adcor.org\/"},{"@type":"ListItem","position":2,"name":"ADCOR y la Compa\u00f1\u00eda de Tranv\u00edas visibilizan el programa \u201cM\u00f3vete\u201d en la Semana Europea de la Movilidad"}]},{"@type":"Person","@id":"https:\/\/www.adcor.org\/#\/schema\/person\/6d3ac136ed8f5fa5ff17d2eb87ef047c","name":"FUNDACI\u00d3N ADCOR","image":{"@type":"ImageObject","@id":"https:\/\/www.adcor.org\/#personlogo","inLanguage":"gl-ES","url":"https:\/\/secure.gravatar.com\/avatar\/6d27e95386e38ac2eda8eed9b8a37c9c?s=96&d=mm&r=g","contentUrl":"https:\/\/secure.gravatar.com\/avatar\/6d27e95386e38ac2eda8eed9b8a37c9c?s=96&d=mm&r=g","caption":"FUNDACI\u00d3N ADCOR"},"url":"https:\/\/www.adcor.org\/gl\/author\/adcor\/"}]}},"_links":{"self":[{"href":"https:\/\/www.adcor.org\/gl\/wp-json\/wp\/v2\/posts\/23253"}],"collection":[{"href":"https:\/\/www.adcor.org\/gl\/wp-json\/wp\/v2\/posts"}],"about":[{"href":"https:\/\/www.adcor.org\/gl\/wp-json\/wp\/v2\/types\/post"}],"author":[{"embeddable":true,"href":"https:\/\/www.adcor.org\/gl\/wp-json\/wp\/v2\/users\/11"}],"replies":[{"embeddable":true,"href":"https:\/\/www.adcor.org\/gl\/wp-json\/wp\/v2\/comments?post=23253"}],"version-history":[{"count":1,"href":"https:\/\/www.adcor.org\/gl\/wp-json\/wp\/v2\/posts\/23253\/revisions"}],"predecessor-version":[{"id":23255,"href":"https:\/\/www.adcor.org\/gl\/wp-json\/wp\/v2\/posts\/23253\/revisions\/23255"}],"wp:featuredmedia":[{"embeddable":true,"href":"https:\/\/www.adcor.org\/gl\/wp-json\/wp\/v2\/media\/23254"}],"wp:attachment":[{"href":"https:\/\/www.adcor.org\/gl\/wp-json\/wp\/v2\/media?parent=23253"}],"wp:term":[{"taxonomy":"category","embeddable":true,"href":"https:\/\/www.adcor.org\/gl\/wp-json\/wp\/v2\/categories?post=23253"},{"taxonomy":"post_tag","embeddable":true,"href":"https:\/\/www.adcor.org\/gl\/wp-json\/wp\/v2\/tags?post=23253"}],"curies":[{"name":"wp","href":"https:\/\/api.w.org\/{rel}","templated":true}]}}