{"id":23264,"date":"2025-11-04T09:20:02","date_gmt":"2025-11-04T09:20:02","guid":{"rendered":"https:\/\/www.adcor.org\/?p=23264"},"modified":"2025-11-04T09:20:04","modified_gmt":"2025-11-04T09:20:04","slug":"vuelve-bono-activa-comercio","status":"publish","type":"post","link":"https:\/\/www.adcor.org\/gl\/vuelve-bono-activa-comercio\/","title":{"rendered":"Vuelve el Bono Activa Comercio"},"content":{"rendered":"\n<p>El Consello da Xunta ha aprobado una nueva edici\u00f3n del programa Bonos Activa Comercio, dotada con 2,5 millones de euros. Esta iniciativa tiene como objetivo reactivar las ventas y apoyar a los peque\u00f1os comercios de proximidad en toda Galicia.<\/p>\n\n\n\n<h2>\u00bfQu\u00e9 es el Bono Activa Comercio 2025?<\/h2>\n\n\n\n<p>Se trata de una medida impulsada por la <a href=\"https:\/\/www.xunta.gal\/portada\" target=\"_blank\" rel=\"noreferrer noopener\">Xunta de Galicia<\/a> para fomentar las compras en los establecimientos locales. A trav\u00e9s de este programa, los consumidores podr\u00e1n beneficiarse de un <strong>bono descuento de 30 euros<\/strong> para utilizar en los comercios adheridos a la campa\u00f1a.<\/p>\n\n\n\n<h2>\u00bfCu\u00e1l es el importe del descuento?<\/h2>\n\n\n\n<p>Cada cliente podr\u00e1 disponer de un \u00fanico bono de 30 \u20ac, que se ir\u00e1 descontando en las compras realizadas en los comercios adheridos. Estos establecimientos estar\u00e1n claramente identificados con el distintivo oficial de la campa\u00f1a.<\/p>\n\n\n\n<figure class=\"wp-block-image size-large\"><img decoding=\"async\" width=\"1024\" height=\"683\" src=\"https:\/\/www.adcor.org\/wp-content\/uploads\/descuento-bono-activa-comercio-1024x683.jpg\" alt=\"Compras 20 a 30\u20ac descuento 5\u20ac\nCompras 30 a 50\u20ac descuento 10\u20ac\nCompras superiores a 50\u20ac descuento 15\u20ac\" class=\"wp-image-23265\" srcset=\"https:\/\/www.adcor.org\/wp-content\/uploads\/descuento-bono-activa-comercio-1024x683.jpg 1024w, https:\/\/www.adcor.org\/wp-content\/uploads\/descuento-bono-activa-comercio-300x200.jpg 300w, https:\/\/www.adcor.org\/wp-content\/uploads\/descuento-bono-activa-comercio-700x467.jpg 700w, https:\/\/www.adcor.org\/wp-content\/uploads\/descuento-bono-activa-comercio.jpg 1200w\" sizes=\"(max-width: 1024px) 100vw, 1024px\" \/><\/figure>\n\n\n\n<h2>\u00bfC\u00f3mo conseguir el Bono Activa Comercio?<\/h2>\n\n\n\n<p>Obtener tu bono es muy sencillo. Solo tienes que seguir los pasos que encontrar\u00e1s en el v\u00eddeo explicativo disponible en la web oficial de la Xunta de Galicia.<\/p>\n\n\n\n<figure class=\"wp-block-embed is-type-video is-provider-youtube wp-block-embed-youtube wp-embed-aspect-16-9 wp-has-aspect-ratio\"><div class=\"wp-block-embed__wrapper\">\n<iframe title=\"Tutorial sobre como descargar o Bono Activa Comercio\" width=\"1060\" height=\"596\" src=\"https:\/\/www.youtube.com\/embed\/6ofCfAKI5t4?feature=oembed\" frameborder=\"0\" allow=\"accelerometer; autoplay; clipboard-write; encrypted-media; gyroscope; picture-in-picture; web-share\" referrerpolicy=\"strict-origin-when-cross-origin\" allowfullscreen><\/iframe>\n<\/div><\/figure>\n\n\n\n<p>Puedes consultar toda la informaci\u00f3n oficial y descargar tu bono aqu\u00ed:<br><a href=\"https:\/\/bonosactivacomercio.gal\/gl\/client\" target=\"_blank\" rel=\"noreferrer noopener\">Obtener Bono Activa Comercio \u2013 Xunta de Galicia<\/a><\/p>\n\n\n\n<h2>\u00bfD\u00f3nde puedes usarlo?<\/h2>\n\n\n\n<p>Nuestra tienda <a href=\"https:\/\/www.instagram.com\/tiendadcuero\/\" target=\"_blank\" rel=\"noreferrer noopener\">dCuero<\/a>, ubicada en la Calle Enrique Dequidt, forma parte del programa Bono Activa Comercio. Ven a visitarnos y utiliza tu descuento en tus compras de productos locales y solidarios.<\/p>\n\n\n\n<h2>Vigencia del programa<\/h2>\n\n\n\n<p>Los bonos podr\u00e1n utilizarse a partir del <strong>5 de noviembre de 2025<\/strong> y estar\u00e1n activos hasta que se agoten los fondos destinados al programa.<br>El sistema funciona a trav\u00e9s de una aplicaci\u00f3n m\u00f3vil, y el saldo del bono se ir\u00e1 descontando autom\u00e1ticamente seg\u00fan el importe de cada compra.<\/p>\n","protected":false},"excerpt":{"rendered":"<p>El Consello da Xunta ha aprobado una nueva edici\u00f3n del programa Bonos Activa Comercio, dotada con 2,5 millones de euros. Esta iniciativa tiene como objetivo reactivar las ventas y apoyar a los peque\u00f1os comercios de proximidad en toda Galicia. \u00bfQu\u00e9 es el Bono Activa Comercio&#8230;<\/p>\n","protected":false},"author":11,"featured_media":23266,"comment_status":"open","ping_status":"open","sticky":false,"template":"","format":"standard","meta":{"_monsterinsights_skip_tracking":false,"_monsterinsights_sitenote_active":false,"_monsterinsights_sitenote_note":"","_monsterinsights_sitenote_category":0},"categories":[1],"tags":[379,380,88,381,382],"yoast_head":"<!-- This site is optimized with the Yoast SEO plugin v18.0 - https:\/\/yoast.com\/wordpress\/plugins\/seo\/ -->\n<meta name=\"description\" content=\"El Consello da Xunta ha aprobado una nueva edici\u00f3n del programa Bonos Activa Comercio, dotada con 2,5 millones de euros.\" \/>\n<meta name=\"robots\" content=\"index, follow, max-snippet:-1, max-image-preview:large, max-video-preview:-1\" \/>\n<link rel=\"canonical\" href=\"https:\/\/www.adcor.org\/vuelve-bono-activa-comercio\/\" \/>\n<meta property=\"og:locale\" content=\"gl_ES\" \/>\n<meta property=\"og:type\" content=\"article\" \/>\n<meta property=\"og:title\" content=\"Vuelve el Bono Activa Comercio - ADCOR\" \/>\n<meta property=\"og:description\" content=\"El Consello da Xunta ha aprobado una nueva edici\u00f3n del programa Bonos Activa Comercio, dotada con 2,5 millones de euros.\" \/>\n<meta property=\"og:url\" content=\"https:\/\/www.adcor.org\/vuelve-bono-activa-comercio\/\" \/>\n<meta property=\"og:site_name\" content=\"ADCOR\" \/>\n<meta property=\"article:published_time\" content=\"2025-11-04T09:20:02+00:00\" \/>\n<meta property=\"article:modified_time\" content=\"2025-11-04T09:20:04+00:00\" \/>\n<meta property=\"og:image\" content=\"https:\/\/www.adcor.org\/wp-content\/uploads\/bono-activa-comercio-205.jpg\" \/>\n\t<meta property=\"og:image:width\" content=\"1200\" \/>\n\t<meta property=\"og:image:height\" content=\"800\" \/>\n\t<meta property=\"og:image:type\" content=\"image\/jpeg\" \/>\n<meta name=\"twitter:card\" content=\"summary_large_image\" \/>\n<meta name=\"twitter:label1\" content=\"Escrito por\" \/>\n\t<meta name=\"twitter:data1\" content=\"FUNDACI\u00d3N ADCOR\" \/>\n\t<meta name=\"twitter:label2\" content=\"Tempo de lectura\" \/>\n\t<meta name=\"twitter:data2\" content=\"2 minutos\" \/>\n<script type=\"application\/ld+json\" class=\"yoast-schema-graph\">{\"@context\":\"https:\/\/schema.org\",\"@graph\":[{\"@type\":\"WebSite\",\"@id\":\"https:\/\/www.adcor.org\/#website\",\"url\":\"https:\/\/www.adcor.org\/\",\"name\":\"ADCOR\",\"description\":\"Fundaci\u00f3n ADCOR\",\"potentialAction\":[{\"@type\":\"SearchAction\",\"target\":{\"@type\":\"EntryPoint\",\"urlTemplate\":\"https:\/\/www.adcor.org\/?s={search_term_string}\"},\"query-input\":\"required name=search_term_string\"}],\"inLanguage\":\"gl-ES\"},{\"@type\":\"ImageObject\",\"@id\":\"https:\/\/www.adcor.org\/vuelve-bono-activa-comercio\/#primaryimage\",\"inLanguage\":\"gl-ES\",\"url\":\"https:\/\/www.adcor.org\/wp-content\/uploads\/bono-activa-comercio-205.jpg\",\"contentUrl\":\"https:\/\/www.adcor.org\/wp-content\/uploads\/bono-activa-comercio-205.jpg\",\"width\":1200,\"height\":800},{\"@type\":\"WebPage\",\"@id\":\"https:\/\/www.adcor.org\/vuelve-bono-activa-comercio\/#webpage\",\"url\":\"https:\/\/www.adcor.org\/vuelve-bono-activa-comercio\/\",\"name\":\"Vuelve el Bono Activa Comercio - ADCOR\",\"isPartOf\":{\"@id\":\"https:\/\/www.adcor.org\/#website\"},\"primaryImageOfPage\":{\"@id\":\"https:\/\/www.adcor.org\/vuelve-bono-activa-comercio\/#primaryimage\"},\"datePublished\":\"2025-11-04T09:20:02+00:00\",\"dateModified\":\"2025-11-04T09:20:04+00:00\",\"author\":{\"@id\":\"https:\/\/www.adcor.org\/#\/schema\/person\/6d3ac136ed8f5fa5ff17d2eb87ef047c\"},\"description\":\"El Consello da Xunta ha aprobado una nueva edici\u00f3n del programa Bonos Activa Comercio, dotada con 2,5 millones de euros.\",\"breadcrumb\":{\"@id\":\"https:\/\/www.adcor.org\/vuelve-bono-activa-comercio\/#breadcrumb\"},\"inLanguage\":\"gl-ES\",\"potentialAction\":[{\"@type\":\"ReadAction\",\"target\":[\"https:\/\/www.adcor.org\/vuelve-bono-activa-comercio\/\"]}]},{\"@type\":\"BreadcrumbList\",\"@id\":\"https:\/\/www.adcor.org\/vuelve-bono-activa-comercio\/#breadcrumb\",\"itemListElement\":[{\"@type\":\"ListItem\",\"position\":1,\"name\":\"Portada\",\"item\":\"https:\/\/www.adcor.org\/\"},{\"@type\":\"ListItem\",\"position\":2,\"name\":\"Vuelve el Bono Activa Comercio\"}]},{\"@type\":\"Person\",\"@id\":\"https:\/\/www.adcor.org\/#\/schema\/person\/6d3ac136ed8f5fa5ff17d2eb87ef047c\",\"name\":\"FUNDACI\u00d3N ADCOR\",\"image\":{\"@type\":\"ImageObject\",\"@id\":\"https:\/\/www.adcor.org\/#personlogo\",\"inLanguage\":\"gl-ES\",\"url\":\"https:\/\/secure.gravatar.com\/avatar\/6d27e95386e38ac2eda8eed9b8a37c9c?s=96&d=mm&r=g\",\"contentUrl\":\"https:\/\/secure.gravatar.com\/avatar\/6d27e95386e38ac2eda8eed9b8a37c9c?s=96&d=mm&r=g\",\"caption\":\"FUNDACI\u00d3N ADCOR\"},\"url\":\"https:\/\/www.adcor.org\/gl\/author\/adcor\/\"}]}<\/script>\n<!-- \/ Yoast SEO plugin. -->","yoast_head_json":{"description":"El Consello da Xunta ha aprobado una nueva edici\u00f3n del programa Bonos Activa Comercio, dotada con 2,5 millones de euros.","robots":{"index":"index","follow":"follow","max-snippet":"max-snippet:-1","max-image-preview":"max-image-preview:large","max-video-preview":"max-video-preview:-1"},"canonical":"https:\/\/www.adcor.org\/vuelve-bono-activa-comercio\/","og_locale":"gl_ES","og_type":"article","og_title":"Vuelve el Bono Activa Comercio - ADCOR","og_description":"El Consello da Xunta ha aprobado una nueva edici\u00f3n del programa Bonos Activa Comercio, dotada con 2,5 millones de euros.","og_url":"https:\/\/www.adcor.org\/vuelve-bono-activa-comercio\/","og_site_name":"ADCOR","article_published_time":"2025-11-04T09:20:02+00:00","article_modified_time":"2025-11-04T09:20:04+00:00","og_image":[{"width":1200,"height":800,"url":"https:\/\/www.adcor.org\/wp-content\/uploads\/bono-activa-comercio-205.jpg","type":"image\/jpeg"}],"twitter_card":"summary_large_image","twitter_misc":{"Escrito por":"FUNDACI\u00d3N ADCOR","Tempo de lectura":"2 minutos"},"schema":{"@context":"https:\/\/schema.org","@graph":[{"@type":"WebSite","@id":"https:\/\/www.adcor.org\/#website","url":"https:\/\/www.adcor.org\/","name":"ADCOR","description":"Fundaci\u00f3n ADCOR","potentialAction":[{"@type":"SearchAction","target":{"@type":"EntryPoint","urlTemplate":"https:\/\/www.adcor.org\/?s={search_term_string}"},"query-input":"required name=search_term_string"}],"inLanguage":"gl-ES"},{"@type":"ImageObject","@id":"https:\/\/www.adcor.org\/vuelve-bono-activa-comercio\/#primaryimage","inLanguage":"gl-ES","url":"https:\/\/www.adcor.org\/wp-content\/uploads\/bono-activa-comercio-205.jpg","contentUrl":"https:\/\/www.adcor.org\/wp-content\/uploads\/bono-activa-comercio-205.jpg","width":1200,"height":800},{"@type":"WebPage","@id":"https:\/\/www.adcor.org\/vuelve-bono-activa-comercio\/#webpage","url":"https:\/\/www.adcor.org\/vuelve-bono-activa-comercio\/","name":"Vuelve el Bono Activa Comercio - ADCOR","isPartOf":{"@id":"https:\/\/www.adcor.org\/#website"},"primaryImageOfPage":{"@id":"https:\/\/www.adcor.org\/vuelve-bono-activa-comercio\/#primaryimage"},"datePublished":"2025-11-04T09:20:02+00:00","dateModified":"2025-11-04T09:20:04+00:00","author":{"@id":"https:\/\/www.adcor.org\/#\/schema\/person\/6d3ac136ed8f5fa5ff17d2eb87ef047c"},"description":"El Consello da Xunta ha aprobado una nueva edici\u00f3n del programa Bonos Activa Comercio, dotada con 2,5 millones de euros.","breadcrumb":{"@id":"https:\/\/www.adcor.org\/vuelve-bono-activa-comercio\/#breadcrumb"},"inLanguage":"gl-ES","potentialAction":[{"@type":"ReadAction","target":["https:\/\/www.adcor.org\/vuelve-bono-activa-comercio\/"]}]},{"@type":"BreadcrumbList","@id":"https:\/\/www.adcor.org\/vuelve-bono-activa-comercio\/#breadcrumb","itemListElement":[{"@type":"ListItem","position":1,"name":"Portada","item":"https:\/\/www.adcor.org\/"},{"@type":"ListItem","position":2,"name":"Vuelve el Bono Activa Comercio"}]},{"@type":"Person","@id":"https:\/\/www.adcor.org\/#\/schema\/person\/6d3ac136ed8f5fa5ff17d2eb87ef047c","name":"FUNDACI\u00d3N ADCOR","image":{"@type":"ImageObject","@id":"https:\/\/www.adcor.org\/#personlogo","inLanguage":"gl-ES","url":"https:\/\/secure.gravatar.com\/avatar\/6d27e95386e38ac2eda8eed9b8a37c9c?s=96&d=mm&r=g","contentUrl":"https:\/\/secure.gravatar.com\/avatar\/6d27e95386e38ac2eda8eed9b8a37c9c?s=96&d=mm&r=g","caption":"FUNDACI\u00d3N ADCOR"},"url":"https:\/\/www.adcor.org\/gl\/author\/adcor\/"}]}},"_links":{"self":[{"href":"https:\/\/www.adcor.org\/gl\/wp-json\/wp\/v2\/posts\/23264"}],"collection":[{"href":"https:\/\/www.adcor.org\/gl\/wp-json\/wp\/v2\/posts"}],"about":[{"href":"https:\/\/www.adcor.org\/gl\/wp-json\/wp\/v2\/types\/post"}],"author":[{"embeddable":true,"href":"https:\/\/www.adcor.org\/gl\/wp-json\/wp\/v2\/users\/11"}],"replies":[{"embeddable":true,"href":"https:\/\/www.adcor.org\/gl\/wp-json\/wp\/v2\/comments?post=23264"}],"version-history":[{"count":1,"href":"https:\/\/www.adcor.org\/gl\/wp-json\/wp\/v2\/posts\/23264\/revisions"}],"predecessor-version":[{"id":23267,"href":"https:\/\/www.adcor.org\/gl\/wp-json\/wp\/v2\/posts\/23264\/revisions\/23267"}],"wp:featuredmedia":[{"embeddable":true,"href":"https:\/\/www.adcor.org\/gl\/wp-json\/wp\/v2\/media\/23266"}],"wp:attachment":[{"href":"https:\/\/www.adcor.org\/gl\/wp-json\/wp\/v2\/media?parent=23264"}],"wp:term":[{"taxonomy":"category","embeddable":true,"href":"https:\/\/www.adcor.org\/gl\/wp-json\/wp\/v2\/categories?post=23264"},{"taxonomy":"post_tag","embeddable":true,"href":"https:\/\/www.adcor.org\/gl\/wp-json\/wp\/v2\/tags?post=23264"}],"curies":[{"name":"wp","href":"https:\/\/api.w.org\/{rel}","templated":true}]}}