{"id":23282,"date":"2025-12-19T11:13:53","date_gmt":"2025-12-19T11:13:53","guid":{"rendered":"https:\/\/www.adcor.org\/?p=23282"},"modified":"2025-12-19T11:13:54","modified_gmt":"2025-12-19T11:13:54","slug":"patas-que-xuntan-sarela-un-sueno-hecho-realidad","status":"publish","type":"post","link":"https:\/\/www.adcor.org\/gl\/patas-que-xuntan-sarela-un-sueno-hecho-realidad\/","title":{"rendered":"Patas que xuntan: Sarela, un sue\u00f1o hecho realidad"},"content":{"rendered":"\n<p>Este a\u00f1o desde la Fundaci\u00f3n ADCOR hemos participado en el curso <em>Pilotaxe Maneiras de Vivir<\/em>, impulsado por <a href=\"https:\/\/www.fademga.org\/gl\/\" target=\"_blank\" rel=\"noreferrer noopener\">FADEMGA Plena Inclusi\u00f3n Galicia<\/a>. Una experiencia que nos invit\u00f3 a reflexionar sobre qu\u00e9 significa realmente un hogar y c\u00f3mo hacerlo m\u00e1s nuestro.<\/p>\n\n\n\n<p>El punto de partida fue algo tan sencillo como profundo: preguntarnos <strong>qu\u00e9 es para nosotros un hogar<\/strong>. Puede parecer una pregunta simple, pero nunca nos la hab\u00edamos hecho de verdad. Esta reflexi\u00f3n compartida dio lugar a una definici\u00f3n construida entre todas las personas del grupo de trabajo:<\/p>\n\n\n\n<p>\u201c<em>Un hogar es un lugar tuyo donde eres t\u00fa, que te proporciona seguridad y confort, que compartes con las personas que quieres y de confianza. Es un espacio donde puedes tener intimidad, hacer las cosas que te gustan, decidir sobre lo que quieres y a qui\u00e9n invitas. En definitiva, es el sitio al que deseas regresar cuando est\u00e1s fuera. Me gusta su olor, las plantas, las flores, los muebles, las fotograf\u00edas y, en general, los enseres que me acompa\u00f1an a lo largo de la vida y que me reconforta volver a encontrar. En un hogar debes disfrutar de la buena compa\u00f1\u00eda de las personas, de las mascotas y poder mostrar sentimientos.\u201d <\/em>Grupo de tra<em>bajo de ADCOR<\/em>.<\/p>\n\n\n\n<p>Con esta idea tan clara, quisimos que tanto el <a href=\"https:\/\/www.adcor.org\/atencion-discapacidad\/\" target=\"_blank\" rel=\"noreferrer noopener\">Piso Tutelado<\/a> como el Centro Residencial fueran un reflejo real de esta definici\u00f3n. As\u00ed naci\u00f3 nuestro proyecto: <strong>\u201cPatas que xuntan\u201d<\/strong>.<\/p>\n\n\n\n<figure class=\"wp-block-video\"><video controls src=\"https:\/\/www.adcor.org\/wp-content\/uploads\/Video-Patas-que-xuntan-F.ADCOR_-3.mov\"><\/video><\/figure>\n\n\n\n<p>El sue\u00f1o era concreto: adoptar un perro que pasara a formar parte de nuestra familia, compartiendo la vida, las experiencias y tambi\u00e9n las responsabilidades de su cuidado. Y el sue\u00f1o se cumpli\u00f3: <strong>hemos adoptado a Sarela<\/strong>.<\/p>\n\n\n\n<p>Su llegada ha llenado nuestros hogares de cari\u00f1o, compa\u00f1\u00eda y nuevas emociones. As\u00ed lo cuentan las personas usuarias:<\/p>\n\n\n\n<ul>\n<li>\u201c<em>Con la llegada de nuestra perra Sarela hay m\u00e1s armon\u00eda en la convivencia<\/em>\u201d (Laura).<\/li>\n\n\n\n<li><em>\u201cMe encanta pasear con Sarela y lo cari\u00f1osa que es\u201d<\/em> (Aitor).<\/li>\n\n\n\n<li><em>\u201cQuer\u00edamos tener una perra y se ha cumplido mi sue\u00f1o, soy muy feliz con Sarela\u201d<\/em> (Andr\u00e9s).<\/li>\n\n\n\n<li><em>\u201cSarela es muy buena, me gusta verla en el piso\u201d<\/em> (Juan).<\/li>\n\n\n\n<li>\u201cNuestra perra Sarela es un ser vivo entra\u00f1able, me ha aportado buenos sentimientos <em>y s\u00e9 que cuando tenga un mal d\u00eda me va a ayudar<\/em>\u201d (Elena).<\/li>\n\n\n\n<li>\u201c<em>Sarela es hogar, es casa! Nos aporta nuevas v\u00edas de comunicaci\u00f3n y expresi\u00f3n<\/em>\u201d (Sara Arango, T\u00e9cnica de Atenci\u00f3n Directa).<\/li>\n<\/ul>\n\n\n\n<h3><strong>La llegada de Sarela: un hogar m\u00e1s vivo<\/strong><\/h3>\n\n\n\n<p>La incorporaci\u00f3n de nuestra mascota <strong>Sarela<\/strong> al<a href=\"https:\/\/www.adcor.org\/atencion-discapacidad\/\" target=\"_blank\" rel=\"noreferrer noopener\"> Centro Residencial<\/a> y al Piso Tutelado de la Fundaci\u00f3n ADCOR tiene un objetivo muy especial: que se adapte plenamente a nuestros hogares y sea la perra m\u00e1s feliz del mundo. Su presencia nos llena de satisfacci\u00f3n, no solo por el cari\u00f1o que recibimos, sino tambi\u00e9n por el compromiso y la dedicaci\u00f3n que ponemos en su cuidado. Gracias a ella, hemos fortalecido nuestros lazos emocionales y mejorado el bienestar de todas las personas que convivimos en estos espacios.<\/p>\n\n\n\n<h3><strong>Los primeros pasos del proyecto Patas que Xuntan<\/strong><\/h3>\n\n\n\n<p>Para iniciar el proyecto organizamos una reuni\u00f3n conjunta entre los dos servicios residenciales. All\u00ed hablamos sobre la responsabilidad que implica tener un perro y escuchamos la experiencia de personas que ya conviv\u00edan con uno. Despu\u00e9s, planificamos c\u00f3mo repartir los cuidados, horarios, y espacios compartidos.<\/p>\n\n\n\n<ul>\n<li>De lunes a jueves, Sarela vive en el Piso Tutelado desde las 17:00 hasta las 9:00 del d\u00eda siguiente.<\/li>\n\n\n\n<li>Cada ma\u00f1ana, una persona usuaria la acompa\u00f1a en un paseo hasta el Centro Residencial, donde pasa la jornada.<\/li>\n\n\n\n<li>Los fines de semana y periodos vacacionales, convive en el Centro Residencial.<\/li>\n<\/ul>\n\n\n\n<p>Todas las personas residentes firmaron un compromiso de cuidados, asegurando que Sarela recibiera la atenci\u00f3n y el cari\u00f1o que merece.<\/p>\n\n\n\n<figure class=\"wp-block-image size-large\"><img decoding=\"async\" width=\"1024\" height=\"683\" src=\"https:\/\/www.adcor.org\/wp-content\/uploads\/patas-xuntan-adopcion-perro-1024x683.jpg\" alt=\"\" class=\"wp-image-23294\" srcset=\"https:\/\/www.adcor.org\/wp-content\/uploads\/patas-xuntan-adopcion-perro-1024x683.jpg 1024w, https:\/\/www.adcor.org\/wp-content\/uploads\/patas-xuntan-adopcion-perro-300x200.jpg 300w, https:\/\/www.adcor.org\/wp-content\/uploads\/patas-xuntan-adopcion-perro-700x467.jpg 700w, https:\/\/www.adcor.org\/wp-content\/uploads\/patas-xuntan-adopcion-perro.jpg 1200w\" sizes=\"(max-width: 1024px) 100vw, 1024px\" \/><\/figure>\n\n\n\n<h3><strong>La b\u00fasqueda y el acompa\u00f1amiento profesional<\/strong><\/h3>\n\n\n\n<p>El siguiente paso fue contactar con protectoras de la zona. Tambi\u00e9n contamos con el apoyo de <strong><a href=\"https:\/\/www.canquerer.es\/\" target=\"_blank\" rel=\"noreferrer noopener\">Canquerer<\/a><\/strong>, especialistas en intervenciones asistidas con perros, que nos visitaron en la Fundaci\u00f3n ADCOR. Nos ofrecieron formaci\u00f3n y orientaci\u00f3n sobre las caracter\u00edsticas que deb\u00eda tener nuestra futura compa\u00f1era.<\/p>\n\n\n\n<p>Tras dos meses de visitas y conversaciones con diferentes protectoras, conocimos a Sarela. Iniciamos el proceso de adopci\u00f3n y, despu\u00e9s de un mes de convivencia, ya es una m\u00e1s en la familia. Su llegada ha hecho que nuestros hogares se sientan m\u00e1s c\u00e1lidos y unidos.<\/p>\n\n\n\n<h3><strong>Un hogar que se abre a la comunidad<\/strong><\/h3>\n\n\n\n<p>Adem\u00e1s de reforzar la convivencia interna, Sarela nos ha acercado m\u00e1s a la comunidad. En los paseos conocemos a otras personas con perros, compartimos experiencias y generamos nuevas conexiones.<\/p>\n\n\n\n<p>Hoy, Sarela no solo es nuestra mascota: es parte de nuestro hogar y un s\u00edmbolo de c\u00f3mo la vida compartida se enriquece con afecto, responsabilidad y compa\u00f1\u00eda.<\/p>\n","protected":false},"excerpt":{"rendered":"<p>Impulsamos \u2018Patas que xuntan\u2019: un hogar compartido con Sarela, nuestra perra adoptada que fortalece convivencia, bienestar y comunidad<\/p>\n","protected":false},"author":11,"featured_media":23286,"comment_status":"open","ping_status":"open","sticky":false,"template":"","format":"standard","meta":{"_monsterinsights_skip_tracking":false,"_monsterinsights_sitenote_active":false,"_monsterinsights_sitenote_note":"","_monsterinsights_sitenote_category":0},"categories":[1],"tags":[105,384,88,89,387],"yoast_head":"<!-- This site is optimized with the Yoast SEO plugin v18.0 - https:\/\/yoast.com\/wordpress\/plugins\/seo\/ -->\n<meta name=\"description\" content=\"Impulsamos \u2018Patas que xuntan\u2019: un hogar compartido con Sarela, nuestra perra adoptada que fortalece convivencia, bienestar y comunidad\" \/>\n<meta name=\"robots\" content=\"index, follow, max-snippet:-1, max-image-preview:large, max-video-preview:-1\" \/>\n<link rel=\"canonical\" href=\"https:\/\/www.adcor.org\/patas-que-xuntan-sarela-un-sueno-hecho-realidad\/\" \/>\n<meta property=\"og:locale\" content=\"gl_ES\" \/>\n<meta property=\"og:type\" content=\"article\" \/>\n<meta property=\"og:title\" content=\"Patas que xuntan: Sarela, un sue\u00f1o hecho realidad - ADCOR\" \/>\n<meta property=\"og:description\" content=\"Impulsamos \u2018Patas que xuntan\u2019: un hogar compartido con Sarela, nuestra perra adoptada que fortalece convivencia, bienestar y comunidad\" \/>\n<meta property=\"og:url\" content=\"https:\/\/www.adcor.org\/patas-que-xuntan-sarela-un-sueno-hecho-realidad\/\" \/>\n<meta property=\"og:site_name\" content=\"ADCOR\" \/>\n<meta property=\"article:published_time\" content=\"2025-12-19T11:13:53+00:00\" \/>\n<meta property=\"article:modified_time\" content=\"2025-12-19T11:13:54+00:00\" \/>\n<meta property=\"og:image\" content=\"https:\/\/www.adcor.org\/wp-content\/uploads\/patas-xuntan-inclusion-perro-adoptado.jpg\" \/>\n\t<meta property=\"og:image:width\" content=\"1200\" \/>\n\t<meta property=\"og:image:height\" content=\"800\" \/>\n\t<meta property=\"og:image:type\" content=\"image\/jpeg\" \/>\n<meta name=\"twitter:card\" content=\"summary_large_image\" \/>\n<meta name=\"twitter:label1\" content=\"Escrito por\" \/>\n\t<meta name=\"twitter:data1\" content=\"FUNDACI\u00d3N ADCOR\" \/>\n\t<meta name=\"twitter:label2\" content=\"Tempo de lectura\" \/>\n\t<meta name=\"twitter:data2\" content=\"4 minutos\" \/>\n<script type=\"application\/ld+json\" class=\"yoast-schema-graph\">{\"@context\":\"https:\/\/schema.org\",\"@graph\":[{\"@type\":\"WebSite\",\"@id\":\"https:\/\/www.adcor.org\/#website\",\"url\":\"https:\/\/www.adcor.org\/\",\"name\":\"ADCOR\",\"description\":\"Fundaci\u00f3n ADCOR\",\"potentialAction\":[{\"@type\":\"SearchAction\",\"target\":{\"@type\":\"EntryPoint\",\"urlTemplate\":\"https:\/\/www.adcor.org\/?s={search_term_string}\"},\"query-input\":\"required name=search_term_string\"}],\"inLanguage\":\"gl-ES\"},{\"@type\":\"ImageObject\",\"@id\":\"https:\/\/www.adcor.org\/patas-que-xuntan-sarela-un-sueno-hecho-realidad\/#primaryimage\",\"inLanguage\":\"gl-ES\",\"url\":\"https:\/\/www.adcor.org\/wp-content\/uploads\/patas-xuntan-inclusion-perro-adoptado.jpg\",\"contentUrl\":\"https:\/\/www.adcor.org\/wp-content\/uploads\/patas-xuntan-inclusion-perro-adoptado.jpg\",\"width\":1200,\"height\":800},{\"@type\":\"WebPage\",\"@id\":\"https:\/\/www.adcor.org\/patas-que-xuntan-sarela-un-sueno-hecho-realidad\/#webpage\",\"url\":\"https:\/\/www.adcor.org\/patas-que-xuntan-sarela-un-sueno-hecho-realidad\/\",\"name\":\"Patas que xuntan: Sarela, un sue\u00f1o hecho realidad - ADCOR\",\"isPartOf\":{\"@id\":\"https:\/\/www.adcor.org\/#website\"},\"primaryImageOfPage\":{\"@id\":\"https:\/\/www.adcor.org\/patas-que-xuntan-sarela-un-sueno-hecho-realidad\/#primaryimage\"},\"datePublished\":\"2025-12-19T11:13:53+00:00\",\"dateModified\":\"2025-12-19T11:13:54+00:00\",\"author\":{\"@id\":\"https:\/\/www.adcor.org\/#\/schema\/person\/6d3ac136ed8f5fa5ff17d2eb87ef047c\"},\"description\":\"Impulsamos \u2018Patas que xuntan\u2019: un hogar compartido con Sarela, nuestra perra adoptada que fortalece convivencia, bienestar y comunidad\",\"breadcrumb\":{\"@id\":\"https:\/\/www.adcor.org\/patas-que-xuntan-sarela-un-sueno-hecho-realidad\/#breadcrumb\"},\"inLanguage\":\"gl-ES\",\"potentialAction\":[{\"@type\":\"ReadAction\",\"target\":[\"https:\/\/www.adcor.org\/patas-que-xuntan-sarela-un-sueno-hecho-realidad\/\"]}]},{\"@type\":\"BreadcrumbList\",\"@id\":\"https:\/\/www.adcor.org\/patas-que-xuntan-sarela-un-sueno-hecho-realidad\/#breadcrumb\",\"itemListElement\":[{\"@type\":\"ListItem\",\"position\":1,\"name\":\"Portada\",\"item\":\"https:\/\/www.adcor.org\/\"},{\"@type\":\"ListItem\",\"position\":2,\"name\":\"Patas que xuntan: Sarela, un sue\u00f1o hecho realidad\"}]},{\"@type\":\"Person\",\"@id\":\"https:\/\/www.adcor.org\/#\/schema\/person\/6d3ac136ed8f5fa5ff17d2eb87ef047c\",\"name\":\"FUNDACI\u00d3N ADCOR\",\"image\":{\"@type\":\"ImageObject\",\"@id\":\"https:\/\/www.adcor.org\/#personlogo\",\"inLanguage\":\"gl-ES\",\"url\":\"https:\/\/secure.gravatar.com\/avatar\/6d27e95386e38ac2eda8eed9b8a37c9c?s=96&d=mm&r=g\",\"contentUrl\":\"https:\/\/secure.gravatar.com\/avatar\/6d27e95386e38ac2eda8eed9b8a37c9c?s=96&d=mm&r=g\",\"caption\":\"FUNDACI\u00d3N ADCOR\"},\"url\":\"https:\/\/www.adcor.org\/gl\/author\/adcor\/\"}]}<\/script>\n<!-- \/ Yoast SEO plugin. -->","yoast_head_json":{"description":"Impulsamos \u2018Patas que xuntan\u2019: un hogar compartido con Sarela, nuestra perra adoptada que fortalece convivencia, bienestar y comunidad","robots":{"index":"index","follow":"follow","max-snippet":"max-snippet:-1","max-image-preview":"max-image-preview:large","max-video-preview":"max-video-preview:-1"},"canonical":"https:\/\/www.adcor.org\/patas-que-xuntan-sarela-un-sueno-hecho-realidad\/","og_locale":"gl_ES","og_type":"article","og_title":"Patas que xuntan: Sarela, un sue\u00f1o hecho realidad - ADCOR","og_description":"Impulsamos \u2018Patas que xuntan\u2019: un hogar compartido con Sarela, nuestra perra adoptada que fortalece convivencia, bienestar y comunidad","og_url":"https:\/\/www.adcor.org\/patas-que-xuntan-sarela-un-sueno-hecho-realidad\/","og_site_name":"ADCOR","article_published_time":"2025-12-19T11:13:53+00:00","article_modified_time":"2025-12-19T11:13:54+00:00","og_image":[{"width":1200,"height":800,"url":"https:\/\/www.adcor.org\/wp-content\/uploads\/patas-xuntan-inclusion-perro-adoptado.jpg","type":"image\/jpeg"}],"twitter_card":"summary_large_image","twitter_misc":{"Escrito por":"FUNDACI\u00d3N ADCOR","Tempo de lectura":"4 minutos"},"schema":{"@context":"https:\/\/schema.org","@graph":[{"@type":"WebSite","@id":"https:\/\/www.adcor.org\/#website","url":"https:\/\/www.adcor.org\/","name":"ADCOR","description":"Fundaci\u00f3n ADCOR","potentialAction":[{"@type":"SearchAction","target":{"@type":"EntryPoint","urlTemplate":"https:\/\/www.adcor.org\/?s={search_term_string}"},"query-input":"required name=search_term_string"}],"inLanguage":"gl-ES"},{"@type":"ImageObject","@id":"https:\/\/www.adcor.org\/patas-que-xuntan-sarela-un-sueno-hecho-realidad\/#primaryimage","inLanguage":"gl-ES","url":"https:\/\/www.adcor.org\/wp-content\/uploads\/patas-xuntan-inclusion-perro-adoptado.jpg","contentUrl":"https:\/\/www.adcor.org\/wp-content\/uploads\/patas-xuntan-inclusion-perro-adoptado.jpg","width":1200,"height":800},{"@type":"WebPage","@id":"https:\/\/www.adcor.org\/patas-que-xuntan-sarela-un-sueno-hecho-realidad\/#webpage","url":"https:\/\/www.adcor.org\/patas-que-xuntan-sarela-un-sueno-hecho-realidad\/","name":"Patas que xuntan: Sarela, un sue\u00f1o hecho realidad - ADCOR","isPartOf":{"@id":"https:\/\/www.adcor.org\/#website"},"primaryImageOfPage":{"@id":"https:\/\/www.adcor.org\/patas-que-xuntan-sarela-un-sueno-hecho-realidad\/#primaryimage"},"datePublished":"2025-12-19T11:13:53+00:00","dateModified":"2025-12-19T11:13:54+00:00","author":{"@id":"https:\/\/www.adcor.org\/#\/schema\/person\/6d3ac136ed8f5fa5ff17d2eb87ef047c"},"description":"Impulsamos \u2018Patas que xuntan\u2019: un hogar compartido con Sarela, nuestra perra adoptada que fortalece convivencia, bienestar y comunidad","breadcrumb":{"@id":"https:\/\/www.adcor.org\/patas-que-xuntan-sarela-un-sueno-hecho-realidad\/#breadcrumb"},"inLanguage":"gl-ES","potentialAction":[{"@type":"ReadAction","target":["https:\/\/www.adcor.org\/patas-que-xuntan-sarela-un-sueno-hecho-realidad\/"]}]},{"@type":"BreadcrumbList","@id":"https:\/\/www.adcor.org\/patas-que-xuntan-sarela-un-sueno-hecho-realidad\/#breadcrumb","itemListElement":[{"@type":"ListItem","position":1,"name":"Portada","item":"https:\/\/www.adcor.org\/"},{"@type":"ListItem","position":2,"name":"Patas que xuntan: Sarela, un sue\u00f1o hecho realidad"}]},{"@type":"Person","@id":"https:\/\/www.adcor.org\/#\/schema\/person\/6d3ac136ed8f5fa5ff17d2eb87ef047c","name":"FUNDACI\u00d3N ADCOR","image":{"@type":"ImageObject","@id":"https:\/\/www.adcor.org\/#personlogo","inLanguage":"gl-ES","url":"https:\/\/secure.gravatar.com\/avatar\/6d27e95386e38ac2eda8eed9b8a37c9c?s=96&d=mm&r=g","contentUrl":"https:\/\/secure.gravatar.com\/avatar\/6d27e95386e38ac2eda8eed9b8a37c9c?s=96&d=mm&r=g","caption":"FUNDACI\u00d3N ADCOR"},"url":"https:\/\/www.adcor.org\/gl\/author\/adcor\/"}]}},"_links":{"self":[{"href":"https:\/\/www.adcor.org\/gl\/wp-json\/wp\/v2\/posts\/23282"}],"collection":[{"href":"https:\/\/www.adcor.org\/gl\/wp-json\/wp\/v2\/posts"}],"about":[{"href":"https:\/\/www.adcor.org\/gl\/wp-json\/wp\/v2\/types\/post"}],"author":[{"embeddable":true,"href":"https:\/\/www.adcor.org\/gl\/wp-json\/wp\/v2\/users\/11"}],"replies":[{"embeddable":true,"href":"https:\/\/www.adcor.org\/gl\/wp-json\/wp\/v2\/comments?post=23282"}],"version-history":[{"count":7,"href":"https:\/\/www.adcor.org\/gl\/wp-json\/wp\/v2\/posts\/23282\/revisions"}],"predecessor-version":[{"id":23295,"href":"https:\/\/www.adcor.org\/gl\/wp-json\/wp\/v2\/posts\/23282\/revisions\/23295"}],"wp:featuredmedia":[{"embeddable":true,"href":"https:\/\/www.adcor.org\/gl\/wp-json\/wp\/v2\/media\/23286"}],"wp:attachment":[{"href":"https:\/\/www.adcor.org\/gl\/wp-json\/wp\/v2\/media?parent=23282"}],"wp:term":[{"taxonomy":"category","embeddable":true,"href":"https:\/\/www.adcor.org\/gl\/wp-json\/wp\/v2\/categories?post=23282"},{"taxonomy":"post_tag","embeddable":true,"href":"https:\/\/www.adcor.org\/gl\/wp-json\/wp\/v2\/tags?post=23282"}],"curies":[{"name":"wp","href":"https:\/\/api.w.org\/{rel}","templated":true}]}}