{"id":23297,"date":"2026-01-29T13:13:51","date_gmt":"2026-01-29T13:13:51","guid":{"rendered":"https:\/\/www.adcor.org\/?p=23297"},"modified":"2026-01-29T13:13:53","modified_gmt":"2026-01-29T13:13:53","slug":"nosas-voces-nosos-cambios","status":"publish","type":"post","link":"https:\/\/www.adcor.org\/gl\/nosas-voces-nosos-cambios\/","title":{"rendered":"<strong>As nosas voces, os nosos cambios: transformar el hogar desde dentro<\/strong>"},"content":{"rendered":"\n<p>Hace unas semanas os cont\u00e1bamos la historia de <strong>\u201c<a href=\"https:\/\/www.adcor.org\/patas-que-xuntan-sarela-un-sueno-hecho-realidad\/\" target=\"_blank\" rel=\"noreferrer noopener\">Patas que Xuntan<\/a>\u201d<\/strong>, un proyecto que naci\u00f3 de nuestra participaci\u00f3n en el curso <em>Pilotaxe Maneiras de Vivir<\/em>, gestionado por <a href=\"https:\/\/www.fademga.org\/es\/\" target=\"_blank\" rel=\"noreferrer noopener\">FADEMGA Plena Inclusi\u00f3n Galicia<\/a>. Esta formaci\u00f3n est\u00e1 pensada para mejorar la vida cotidiana de las personas con discapacidad intelectual que viven en <strong>Servicios de Viviendas Tuteladas<\/strong> y en <strong>Servicios Residenciales<\/strong>.<\/p>\n\n\n\n<p>En la Fundaci\u00f3n ADCOR contamos con ambos recursos, por lo que en esta experiencia participaron personas usuarias de los dos servicios, junto con tres profesionales y dos familiares. A trav\u00e9s de la formaci\u00f3n online y de las tareas propuestas, fuimos dando forma a dos proyectos de transformaci\u00f3n que hoy son una realidad.<\/p>\n\n\n\n<h3><strong>El punto de partida: \u00bfqu\u00e9 es un hogar?<\/strong><\/h3>\n\n\n\n<p>Todo comenz\u00f3 con una pregunta tan sencilla como profunda: <em>\u00bfqu\u00e9 es para nosotros un hogar?<\/em> Puede parecer una cuesti\u00f3n simple, pero nunca nos la hab\u00edamos planteado de verdad. La reflexi\u00f3n compartida dio lugar a una definici\u00f3n construida entre todas las personas del grupo de trabajo:<\/p>\n\n\n\n<p>\u201c<em>Un hogar es un lugar tuyo donde eres t\u00fa, que te proporciona seguridad y confort, que compartes con las personas que quieres y de confianza. Es un espacio donde puedes tener intimidad, hacer las cosas que te gustan, decidir sobre lo que quieres y a qui\u00e9n invitas. En definitiva, es el sitio al que deseas regresar cuando est\u00e1s fuera. Me gusta su olor, las plantas, las flores, los muebles, las fotograf\u00edas y, en general, los enseres que me acompa\u00f1an a lo largo de la vida y que me reconforta volver a encontr<\/em>a<em>r. En un hogar debes disfrutar de la buena compa\u00f1\u00eda de las personas, de las mascotas y poder mostrar sentimientos.\u201d Grupo de trabajo de ADCOR<\/em><\/p>\n\n\n\n<p>Con esta idea tan clara, quisimos que tanto el <a href=\"https:\/\/www.adcor.org\/atencion-discapacidad\/\" target=\"_blank\" rel=\"noreferrer noopener\">Piso Tutelado<\/a> como el Centro Residencial fueran un reflejo real de esta definici\u00f3n. As\u00ed nacieron nuestros dos proyectos, siempre bajo una misma premisa: <strong>\u201cA vida \u00e9 agora\u201d<\/strong>.<\/p>\n\n\n\n<figure class=\"wp-block-image size-large\"><img decoding=\"async\" width=\"1024\" height=\"683\" src=\"https:\/\/www.adcor.org\/wp-content\/uploads\/transformacion-hogar-discapacidad-intelectual-1024x683.png\" alt=\"\" class=\"wp-image-23298\" srcset=\"https:\/\/www.adcor.org\/wp-content\/uploads\/transformacion-hogar-discapacidad-intelectual-1024x683.png 1024w, https:\/\/www.adcor.org\/wp-content\/uploads\/transformacion-hogar-discapacidad-intelectual-300x200.png 300w, https:\/\/www.adcor.org\/wp-content\/uploads\/transformacion-hogar-discapacidad-intelectual-700x467.png 700w, https:\/\/www.adcor.org\/wp-content\/uploads\/transformacion-hogar-discapacidad-intelectual.png 1200w\" sizes=\"(max-width: 1024px) 100vw, 1024px\" \/><\/figure>\n\n\n\n<h3><strong>El segundo proyecto: As nosas voces, os nosos cambios<\/strong><\/h3>\n\n\n\n<p>Este proyecto apuesta por algo esencial: la <strong>participaci\u00f3n activa de las personas usuarias<\/strong>. A trav\u00e9s de la creaci\u00f3n de portavoces en los servicios residenciales, se han abierto espacios reales de representaci\u00f3n y di\u00e1logo continuo, fundamentales para impulsar mejoras constantes en la vida cotidiana.<\/p>\n\n\n\n<p>El punto de partida fue sencillo: preguntar directamente a las personas qu\u00e9 cambios mejorar\u00edan su d\u00eda a d\u00eda en el lugar donde viven. Algunas ten\u00edan sus propuestas muy claras, otras fueron sum\u00e1ndose a las ideas de sus compa\u00f1eros y compa\u00f1eras. De este modo, se construy\u00f3 un proceso colectivo que no tiene fin: las sugerencias seguir\u00e1n recogidas y transmitidas por los portavoces, asegurando que la transformaci\u00f3n sea continua. Porque escuchar, opinar y decidir tambi\u00e9n es hogar.<\/p>\n\n\n\n<h4><strong>Cambios que ya son realidad<\/strong><\/h4>\n\n\n\n<p>Gracias a este proyecto, se han implantado mejoras concretas que reflejan la voz de las personas residentes:<\/p>\n\n\n\n<ul>\n<li>Tener la llave de nuestra casa.<\/li>\n\n\n\n<li>Desayunar m\u00e1s tarde los fines de semana.<\/li>\n\n\n\n<li>Disponer de una televisi\u00f3n m\u00e1s en la planta del Centro Residencial.<\/li>\n\n\n\n<li>Cenar los s\u00e1bados en la sala viendo juntos un programa elegido por todos.<\/li>\n<\/ul>\n\n\n\n<h4><strong>Voces que inspiran<\/strong><\/h4>\n\n\n\n<p>Las experiencias compartidas muestran el verdadero impacto de este proyecto:<\/p>\n\n\n\n<ul>\n<li>\u201c<em>Con el proyecto As nosas voces, os nosos cambios, mis compa\u00f1eros y compa\u00f1eras pueden hacer m\u00e1s cosas, por ejemplo, mi amiga Chus que vive en Residencia ahora tiene llave de la puerta de la entrada y cu\u00e1ndo quedamos ya no tiene que llegar antes de que se vaya la recepcionista, puede llegar m\u00e1s tarde<\/em>\u201d (Laura).<\/li>\n\n\n\n<li>\u201cEn este proyecto las profesionales hemos sido guiadas por las personas con las que trabajamos. Un s\u00edmil ser\u00eda que iniciamos un viaje en barco: las profesionales llevamos el tim\u00f3n, pero las personas nos dieron las coordenadas\u201d (Ana, Trabajadora Social).<\/li>\n\n\n\n<li>\u201cPara min o proxecto ense\u00f1oume a escuitar con calidade, a abrir portas que xa estaban medio abertas e coller impulso para abrilas xuntos. N\u00f3s fomos apoio e acompa\u00f1amento, pero eles puxeron o coraz\u00f3n, os desexos e o sentido da necesidade. Ao final, unha casa decidese e constr\u00faese desde dentro\u201d (Mar\u00eda, T\u00e9cnico de Atenci\u00f3n Directa).<\/li>\n\n\n\n<li>\u201cEn el curso <em>Maneiras de Vivir<\/em> aprendimos a hacer cambios\u201d (Djavan).<\/li>\n<\/ul>\n\n\n\n<h3><strong>Un camino abierto<\/strong><\/h3>\n\n\n\n<p>Este proyecto nos recuerda que el hogar no solo se define por paredes y objetos, sino por la posibilidad de <strong>decidir, compartir y transformar juntos<\/strong>. Seguimos caminando, aprendiendo y construyendo, siempre con la certeza de que <strong>vivir bien no puede esperar<\/strong> .<\/p>\n","protected":false},"excerpt":{"rendered":"<p>Hace unas semanas os cont\u00e1bamos la historia de \u201cPatas que Xuntan\u201d, un proyecto que naci\u00f3 de nuestra participaci\u00f3n en el curso Pilotaxe Maneiras de Vivir, gestionado por FADEMGA Plena Inclusi\u00f3n Galicia. Esta formaci\u00f3n est\u00e1 pensada para mejorar la vida cotidiana de las personas con discapacidad&#8230;<\/p>\n","protected":false},"author":11,"featured_media":23299,"comment_status":"open","ping_status":"open","sticky":false,"template":"","format":"standard","meta":{"_monsterinsights_skip_tracking":false,"_monsterinsights_sitenote_active":false,"_monsterinsights_sitenote_note":"","_monsterinsights_sitenote_category":0},"categories":[1],"tags":[],"yoast_head":"<!-- This site is optimized with the Yoast SEO plugin v18.0 - https:\/\/yoast.com\/wordpress\/plugins\/seo\/ -->\n<meta name=\"description\" content=\"Un proyecto que transforma los hogares desde la participaci\u00f3n activa de las personas con discapacidad intelectual.\" \/>\n<meta name=\"robots\" content=\"index, follow, max-snippet:-1, max-image-preview:large, max-video-preview:-1\" \/>\n<link rel=\"canonical\" href=\"https:\/\/www.adcor.org\/nosas-voces-nosos-cambios\/\" \/>\n<meta property=\"og:locale\" content=\"gl_ES\" \/>\n<meta property=\"og:type\" content=\"article\" \/>\n<meta property=\"og:title\" content=\"As nosas voces, os nosos cambios: transformar el hogar desde dentro - ADCOR\" \/>\n<meta property=\"og:description\" content=\"Un proyecto que transforma los hogares desde la participaci\u00f3n activa de las personas con discapacidad intelectual.\" \/>\n<meta property=\"og:url\" content=\"https:\/\/www.adcor.org\/nosas-voces-nosos-cambios\/\" \/>\n<meta property=\"og:site_name\" content=\"ADCOR\" \/>\n<meta property=\"article:published_time\" content=\"2026-01-29T13:13:51+00:00\" \/>\n<meta property=\"article:modified_time\" content=\"2026-01-29T13:13:53+00:00\" \/>\n<meta property=\"og:image\" content=\"https:\/\/www.adcor.org\/wp-content\/uploads\/nosas-voces-nosos-cambios.jpg\" \/>\n\t<meta property=\"og:image:width\" content=\"1200\" \/>\n\t<meta property=\"og:image:height\" content=\"800\" \/>\n\t<meta property=\"og:image:type\" content=\"image\/jpeg\" \/>\n<meta name=\"twitter:card\" content=\"summary_large_image\" \/>\n<meta name=\"twitter:label1\" content=\"Escrito por\" \/>\n\t<meta name=\"twitter:data1\" content=\"FUNDACI\u00d3N ADCOR\" \/>\n\t<meta name=\"twitter:label2\" content=\"Tempo de lectura\" \/>\n\t<meta name=\"twitter:data2\" content=\"4 minutos\" \/>\n<script type=\"application\/ld+json\" class=\"yoast-schema-graph\">{\"@context\":\"https:\/\/schema.org\",\"@graph\":[{\"@type\":\"WebSite\",\"@id\":\"https:\/\/www.adcor.org\/#website\",\"url\":\"https:\/\/www.adcor.org\/\",\"name\":\"ADCOR\",\"description\":\"Fundaci\u00f3n ADCOR\",\"potentialAction\":[{\"@type\":\"SearchAction\",\"target\":{\"@type\":\"EntryPoint\",\"urlTemplate\":\"https:\/\/www.adcor.org\/?s={search_term_string}\"},\"query-input\":\"required name=search_term_string\"}],\"inLanguage\":\"gl-ES\"},{\"@type\":\"ImageObject\",\"@id\":\"https:\/\/www.adcor.org\/nosas-voces-nosos-cambios\/#primaryimage\",\"inLanguage\":\"gl-ES\",\"url\":\"https:\/\/www.adcor.org\/wp-content\/uploads\/nosas-voces-nosos-cambios.jpg\",\"contentUrl\":\"https:\/\/www.adcor.org\/wp-content\/uploads\/nosas-voces-nosos-cambios.jpg\",\"width\":1200,\"height\":800},{\"@type\":\"WebPage\",\"@id\":\"https:\/\/www.adcor.org\/nosas-voces-nosos-cambios\/#webpage\",\"url\":\"https:\/\/www.adcor.org\/nosas-voces-nosos-cambios\/\",\"name\":\"As nosas voces, os nosos cambios: transformar el hogar desde dentro - ADCOR\",\"isPartOf\":{\"@id\":\"https:\/\/www.adcor.org\/#website\"},\"primaryImageOfPage\":{\"@id\":\"https:\/\/www.adcor.org\/nosas-voces-nosos-cambios\/#primaryimage\"},\"datePublished\":\"2026-01-29T13:13:51+00:00\",\"dateModified\":\"2026-01-29T13:13:53+00:00\",\"author\":{\"@id\":\"https:\/\/www.adcor.org\/#\/schema\/person\/6d3ac136ed8f5fa5ff17d2eb87ef047c\"},\"description\":\"Un proyecto que transforma los hogares desde la participaci\u00f3n activa de las personas con discapacidad intelectual.\",\"breadcrumb\":{\"@id\":\"https:\/\/www.adcor.org\/nosas-voces-nosos-cambios\/#breadcrumb\"},\"inLanguage\":\"gl-ES\",\"potentialAction\":[{\"@type\":\"ReadAction\",\"target\":[\"https:\/\/www.adcor.org\/nosas-voces-nosos-cambios\/\"]}]},{\"@type\":\"BreadcrumbList\",\"@id\":\"https:\/\/www.adcor.org\/nosas-voces-nosos-cambios\/#breadcrumb\",\"itemListElement\":[{\"@type\":\"ListItem\",\"position\":1,\"name\":\"Portada\",\"item\":\"https:\/\/www.adcor.org\/\"},{\"@type\":\"ListItem\",\"position\":2,\"name\":\"As nosas voces, os nosos cambios: transformar el hogar desde dentro\"}]},{\"@type\":\"Person\",\"@id\":\"https:\/\/www.adcor.org\/#\/schema\/person\/6d3ac136ed8f5fa5ff17d2eb87ef047c\",\"name\":\"FUNDACI\u00d3N ADCOR\",\"image\":{\"@type\":\"ImageObject\",\"@id\":\"https:\/\/www.adcor.org\/#personlogo\",\"inLanguage\":\"gl-ES\",\"url\":\"https:\/\/secure.gravatar.com\/avatar\/6d27e95386e38ac2eda8eed9b8a37c9c?s=96&d=mm&r=g\",\"contentUrl\":\"https:\/\/secure.gravatar.com\/avatar\/6d27e95386e38ac2eda8eed9b8a37c9c?s=96&d=mm&r=g\",\"caption\":\"FUNDACI\u00d3N ADCOR\"},\"url\":\"https:\/\/www.adcor.org\/gl\/author\/adcor\/\"}]}<\/script>\n<!-- \/ Yoast SEO plugin. -->","yoast_head_json":{"description":"Un proyecto que transforma los hogares desde la participaci\u00f3n activa de las personas con discapacidad intelectual.","robots":{"index":"index","follow":"follow","max-snippet":"max-snippet:-1","max-image-preview":"max-image-preview:large","max-video-preview":"max-video-preview:-1"},"canonical":"https:\/\/www.adcor.org\/nosas-voces-nosos-cambios\/","og_locale":"gl_ES","og_type":"article","og_title":"As nosas voces, os nosos cambios: transformar el hogar desde dentro - ADCOR","og_description":"Un proyecto que transforma los hogares desde la participaci\u00f3n activa de las personas con discapacidad intelectual.","og_url":"https:\/\/www.adcor.org\/nosas-voces-nosos-cambios\/","og_site_name":"ADCOR","article_published_time":"2026-01-29T13:13:51+00:00","article_modified_time":"2026-01-29T13:13:53+00:00","og_image":[{"width":1200,"height":800,"url":"https:\/\/www.adcor.org\/wp-content\/uploads\/nosas-voces-nosos-cambios.jpg","type":"image\/jpeg"}],"twitter_card":"summary_large_image","twitter_misc":{"Escrito por":"FUNDACI\u00d3N ADCOR","Tempo de lectura":"4 minutos"},"schema":{"@context":"https:\/\/schema.org","@graph":[{"@type":"WebSite","@id":"https:\/\/www.adcor.org\/#website","url":"https:\/\/www.adcor.org\/","name":"ADCOR","description":"Fundaci\u00f3n ADCOR","potentialAction":[{"@type":"SearchAction","target":{"@type":"EntryPoint","urlTemplate":"https:\/\/www.adcor.org\/?s={search_term_string}"},"query-input":"required name=search_term_string"}],"inLanguage":"gl-ES"},{"@type":"ImageObject","@id":"https:\/\/www.adcor.org\/nosas-voces-nosos-cambios\/#primaryimage","inLanguage":"gl-ES","url":"https:\/\/www.adcor.org\/wp-content\/uploads\/nosas-voces-nosos-cambios.jpg","contentUrl":"https:\/\/www.adcor.org\/wp-content\/uploads\/nosas-voces-nosos-cambios.jpg","width":1200,"height":800},{"@type":"WebPage","@id":"https:\/\/www.adcor.org\/nosas-voces-nosos-cambios\/#webpage","url":"https:\/\/www.adcor.org\/nosas-voces-nosos-cambios\/","name":"As nosas voces, os nosos cambios: transformar el hogar desde dentro - ADCOR","isPartOf":{"@id":"https:\/\/www.adcor.org\/#website"},"primaryImageOfPage":{"@id":"https:\/\/www.adcor.org\/nosas-voces-nosos-cambios\/#primaryimage"},"datePublished":"2026-01-29T13:13:51+00:00","dateModified":"2026-01-29T13:13:53+00:00","author":{"@id":"https:\/\/www.adcor.org\/#\/schema\/person\/6d3ac136ed8f5fa5ff17d2eb87ef047c"},"description":"Un proyecto que transforma los hogares desde la participaci\u00f3n activa de las personas con discapacidad intelectual.","breadcrumb":{"@id":"https:\/\/www.adcor.org\/nosas-voces-nosos-cambios\/#breadcrumb"},"inLanguage":"gl-ES","potentialAction":[{"@type":"ReadAction","target":["https:\/\/www.adcor.org\/nosas-voces-nosos-cambios\/"]}]},{"@type":"BreadcrumbList","@id":"https:\/\/www.adcor.org\/nosas-voces-nosos-cambios\/#breadcrumb","itemListElement":[{"@type":"ListItem","position":1,"name":"Portada","item":"https:\/\/www.adcor.org\/"},{"@type":"ListItem","position":2,"name":"As nosas voces, os nosos cambios: transformar el hogar desde dentro"}]},{"@type":"Person","@id":"https:\/\/www.adcor.org\/#\/schema\/person\/6d3ac136ed8f5fa5ff17d2eb87ef047c","name":"FUNDACI\u00d3N ADCOR","image":{"@type":"ImageObject","@id":"https:\/\/www.adcor.org\/#personlogo","inLanguage":"gl-ES","url":"https:\/\/secure.gravatar.com\/avatar\/6d27e95386e38ac2eda8eed9b8a37c9c?s=96&d=mm&r=g","contentUrl":"https:\/\/secure.gravatar.com\/avatar\/6d27e95386e38ac2eda8eed9b8a37c9c?s=96&d=mm&r=g","caption":"FUNDACI\u00d3N ADCOR"},"url":"https:\/\/www.adcor.org\/gl\/author\/adcor\/"}]}},"_links":{"self":[{"href":"https:\/\/www.adcor.org\/gl\/wp-json\/wp\/v2\/posts\/23297"}],"collection":[{"href":"https:\/\/www.adcor.org\/gl\/wp-json\/wp\/v2\/posts"}],"about":[{"href":"https:\/\/www.adcor.org\/gl\/wp-json\/wp\/v2\/types\/post"}],"author":[{"embeddable":true,"href":"https:\/\/www.adcor.org\/gl\/wp-json\/wp\/v2\/users\/11"}],"replies":[{"embeddable":true,"href":"https:\/\/www.adcor.org\/gl\/wp-json\/wp\/v2\/comments?post=23297"}],"version-history":[{"count":1,"href":"https:\/\/www.adcor.org\/gl\/wp-json\/wp\/v2\/posts\/23297\/revisions"}],"predecessor-version":[{"id":23300,"href":"https:\/\/www.adcor.org\/gl\/wp-json\/wp\/v2\/posts\/23297\/revisions\/23300"}],"wp:featuredmedia":[{"embeddable":true,"href":"https:\/\/www.adcor.org\/gl\/wp-json\/wp\/v2\/media\/23299"}],"wp:attachment":[{"href":"https:\/\/www.adcor.org\/gl\/wp-json\/wp\/v2\/media?parent=23297"}],"wp:term":[{"taxonomy":"category","embeddable":true,"href":"https:\/\/www.adcor.org\/gl\/wp-json\/wp\/v2\/categories?post=23297"},{"taxonomy":"post_tag","embeddable":true,"href":"https:\/\/www.adcor.org\/gl\/wp-json\/wp\/v2\/tags?post=23297"}],"curies":[{"name":"wp","href":"https:\/\/api.w.org\/{rel}","templated":true}]}}